{"id":6274,"date":"2015-02-15T21:47:10","date_gmt":"2015-02-15T20:47:10","guid":{"rendered":"https:\/\/www.statigeneralinnovazione.it\/?p=6274"},"modified":"2015-02-15T21:47:10","modified_gmt":"2015-02-15T20:47:10","slug":"roma-smart-city-26-novembre-2012","status":"publish","type":"post","link":"https:\/\/www.statigeneralinnovazione.it\/en\/roma-smart-city-26-novembre-2012\/","title":{"rendered":"Rome Smart City \u2013 26 November 2012"},"content":{"rendered":"<p style=\"text-align: center;\">Rome Smart City<br \/>\nAppia Antica Regional Park<br \/>\n26 settembre 2012<br \/>\n( <a href=\"https:\/\/www.statigeneralinnovazione.it\/en\/progetti\/2012-2\/roma-smart-city\/come-arrivare\/\">how to get<\/a> )<\/p>\n<p style=\"text-align: center;\"><strong>Mercoled\u00ec 26 settembre, al Parco Regionale dell&#8217;Appia Antica, dalle ore 10,30 alle ore 19, \u00a0avr\u00e0 luogo il primo evento pubblico del progetto &#8220;Roma Smart City&#8221;, promosso da Stati Generali dell&#8217;Innovazione, ForumPA, Universit\u00e0 La Sapienza &#8211; CATTID, AIF Lazio, Nuova Ecologia, ReteCamere, Biennale Spazio Pubblico, Ordine Architetti, Transition Town, Corviale Domani, Urban Experience,\u00a0UnaCitt\u00e0.<\/strong><\/p>\n<p><strong>Il progetto Roma Smart City nasce con l&#8217;obiettivo di aggregare e mettere a confronto le iniziative in corso su questo fronte, le esperienze gi\u00e0 realizzate negli anni, e cos\u00ec connettere gli stakeholder principali della citt\u00e0 metropolitana (associazioni -sociali, culturali, professionali, imprenditoriali, professionisti, scuole, universit\u00e0, centri di ricerca, imprese), portandoli a condividere un approccio, un metodo di lavoro e di progettazione partecipata.<\/strong><br \/>\n<strong>Sulla base delle esperienze migliori, come quella di Genova, la roadmap fin qui ipotizzata \u00e8 quella di creare un soggetto (es. associazione) che possa diventare attore e fulcro del progetto, luogo di elaborazione, di confronto e di azione, cos\u00ec da essere non solo interlocutore delle istituzioni locali, ma anche punto di riferimento per proposte e attivit\u00e0 sul territorio.<\/strong><\/p>\n<p><strong>L&#8217;incontro \u00e8 patrocinato da: Comune di Roma, Provincia di Roma, Consiglio Regionale del Lazio e ANCI.<\/strong><\/p>\n<p>Roma \u00e8 una citt\u00e0 ricca per le millenarie stratificazioni archeologiche e storiche, una citt\u00e0 dall&#8217;enorme vivacit\u00e0 culturale, dalle grandi competenze, con i suoi centri di ricerca e di studi, i suoi musei e i suoi luoghi d&#8217;arte.<\/p>\n<p>Roma \u00e8 una citt\u00e0 in cui i \u201ccity user\u201d, dai turisti ai professionisti-cittadini fluttuanti, amano e vivono la citt\u00e0 tanto quanto i suoi residenti.<\/p>\n<p>Roma \u00e8 una citt\u00e0 che deve guardare al suo futuro anche per tracciare, in quanto Roma Capitale, una via italiana all\u2019innovazione attraverso nuove forme di sviluppo e coesione sociale.<\/p>\n<p>Pensare al futuro della citt\u00e0 presuppone avere il coraggio di <em>mettere in discussione i modelli di governance<\/em> obsoleti per affermare soluzioni innovative che affrontino le tematiche cardine: la qualit\u00e0 della vita, il diritto al lavoro, lo sviluppo sostenibile, l\u2019inclusione dei pi\u00f9 deboli.<\/p>\n<p>Si tratta di pensare ad un <em>progetto di innovazione sociale<\/em> che trasformi quelli che fino ad oggi sono stati gli utenti della citt\u00e0 in protagonisti attivi nell\u2019individuazione dei problemi della citt\u00e0 e nella gestione di nuovi strumenti operativi.<\/p>\n<p>Un progetto che abbia l\u2019obiettivo di fare di Roma una citt\u00e0 intelligente, una smart city, sapendo che per essere \u201ccitt\u00e0 intelligente\u201d la citt\u00e0 deve saper interpretare l\u2019innovazione digitale. In questo senso le nuove tecnologie devono diventare supporto della <em>trasformazione degli spazi e dei tempi<\/em>, per <em>valorizzare le reti sociali e i beni relazionali<\/em>, per <em>sviluppare il capitale sociale<\/em> fornendo elementi di migliore usabilit\u00e0 dei sistemi della mobilit\u00e0, della sicurezza, dei servizi, dell\u2019ambiente, a partire dal principio resiliente necessario per rispondere al deficit ecologico.<\/p>\n<p>Un progetto per Roma Smart City deve partire da una \u201c<em>visione organica<\/em>\u201d e condivisa del futuro della citt\u00e0 ed essere pertanto avviato in modo orizzontale e trasversale, da chi pu\u00f2 esporre esigenze, requisiti e proporre priorit\u00e0 e soluzioni. Ci\u00f2 significa <em>partire dalle esigenze dei \u201ccity user\u201d<\/em>, con una progettazione partecipata da parte di tutti gli stakeholder del territorio: amministrazioni, imprese, universit\u00e0, scuole, centri di ricerca, associazioni sociali e culturali.<\/p>\n<p>La Roma Smart City da sviluppare \u00e8 quella dove l\u2019elevata <em>offerta culturale<\/em> possa incontrarsi al miglior grado con la sua domanda, promuovendo la <em>partecipazione attiva e consapevole<\/em> grazie all\u2019uso interattivo delle reti di comunicazione, qualificando i flussi urbani e sollecitando le dinamiche di feedback capaci di attivare la nuova <em>\u201crete del valore\u201d<\/em> espressa dalla cittadinanza attiva.<\/p>\n<p>La Roma SmartCity di cui abbiamo bisogno \u00e8 quella dove i <em>nuovi talenti possano sviluppare sperimentazioni<\/em> che coniughino le applicazioni tecnologiche con le strategie sociali e culturali che generino partecipazione qualificata.<\/p>\n<p>La Roma SmartCity che auspichiamo rilancia la propria vocazione originaria di laboratorio antropologico glocal, dove da millenni convergono culture diverse, con la capacit\u00e0 di declinarle in creativit\u00e0 sociale e qualit\u00e0 della vita, esplicitando come la dimensione locale del genius loci possa coniugarsi con quella globale delle reti.<\/p>\n<p><em>Roma SmartCity \u00e8 un progetto ambizioso<\/em>, proiettato nel medio termine, un progetto necessario a cui ti chiediamo di aderire e partecipare attivamente.<\/p>\n<p>Ulteriori informazioni sono disponibili leggendo il\u00a0<a href=\"https:\/\/www.statigeneralinnovazione.it\/en\/progetti\/2012-2\/roma-smart-city\/programma\/\">full program<\/a>.<\/p>\n<p>Per partecipare all\u2019evento \u00e8 sufficiente <a href=\"https:\/\/www.statigeneralinnovazione.it\/en\/progetti\/2012-2\/roma-smart-city\/registrazione\/\">signing in<\/a>.<\/p>","protected":false},"excerpt":{"rendered":"<p>Roma Smart City Parco Regionale dell&#8217;Appia Antica 26 settembre 2012 ( come arrivare ) Mercoled\u00ec 26 settembre, al Parco Regionale dell&#8217;Appia Antica, dalle ore 10,30 alle ore 19, \u00a0avr\u00e0 luogo il primo evento pubblico del [&hellip;]<\/p>\n","protected":false},"author":2476,"featured_media":0,"comment_status":"open","ping_status":"closed","sticky":false,"template":"","format":"standard","meta":{"site-sidebar-layout":"default","site-content-layout":"","ast-site-content-layout":"default","site-content-style":"default","site-sidebar-style":"default","ast-global-header-display":"","ast-banner-title-visibility":"","ast-main-header-display":"","ast-hfb-above-header-display":"","ast-hfb-below-header-display":"","ast-hfb-mobile-header-display":"","site-post-title":"","ast-breadcrumbs-content":"","ast-featured-img":"","footer-sml-layout":"","ast-disable-related-posts":"","theme-transparent-header-meta":"","adv-header-id-meta":"","stick-header-meta":"","header-above-stick-meta":"","header-main-stick-meta":"","header-below-stick-meta":"","astra-migrate-meta-layouts":"default","ast-page-background-enabled":"default","ast-page-background-meta":{"desktop":{"background-color":"var(--ast-global-color-4)","background-image":"","background-repeat":"repeat","background-position":"center center","background-size":"auto","background-attachment":"scroll","background-type":"","background-media":"","overlay-type":"","overlay-color":"","overlay-opacity":"","overlay-gradient":""},"tablet":{"background-color":"","background-image":"","background-repeat":"repeat","background-position":"center center","background-size":"auto","background-attachment":"scroll","background-type":"","background-media":"","overlay-type":"","overlay-color":"","overlay-opacity":"","overlay-gradient":""},"mobile":{"background-color":"","background-image":"","background-repeat":"repeat","background-position":"center center","background-size":"auto","background-attachment":"scroll","background-type":"","background-media":"","overlay-type":"","overlay-color":"","overlay-opacity":"","overlay-gradient":""}},"ast-content-background-meta":{"desktop":{"background-color":"var(--ast-global-color-5)","background-image":"","background-repeat":"repeat","background-position":"center center","background-size":"auto","background-attachment":"scroll","background-type":"","background-media":"","overlay-type":"","overlay-color":"","overlay-opacity":"","overlay-gradient":""},"tablet":{"background-color":"var(--ast-global-color-5)","background-image":"","background-repeat":"repeat","background-position":"center center","background-size":"auto","background-attachment":"scroll","background-type":"","background-media":"","overlay-type":"","overlay-color":"","overlay-opacity":"","overlay-gradient":""},"mobile":{"background-color":"var(--ast-global-color-5)","background-image":"","background-repeat":"repeat","background-position":"center center","background-size":"auto","background-attachment":"scroll","background-type":"","background-media":"","overlay-type":"","overlay-color":"","overlay-opacity":"","overlay-gradient":""}},"footnotes":""},"categories":[230],"tags":[266,267,135,143],"class_list":["post-6274","post","type-post","status-publish","format-standard","hentry","category-notizie-dai-progetti","tag-eventi","tag-progetti","tag-romasmartcity","tag-smartcities"],"yoast_head":"<!-- This site is optimized with the Yoast SEO Premium plugin v21.1 (Yoast SEO v27.4) - https:\/\/yoast.com\/product\/yoast-seo-premium-wordpress\/ -->\n<title>Roma Smart City - 26 novembre 2012 - Stati Generali dell&#039;Innovazione<\/title>\n<meta name=\"robots\" content=\"index, follow, max-snippet:-1, max-image-preview:large, max-video-preview:-1\" \/>\n<link rel=\"canonical\" href=\"https:\/\/www.statigeneralinnovazione.it\/en\/roma-smart-city-26-novembre-2012\/\" \/>\n<script type=\"application\/ld+json\" class=\"yoast-schema-graph\">{\"@context\":\"https:\\\/\\\/schema.org\",\"@graph\":[{\"@type\":\"Article\",\"@id\":\"https:\\\/\\\/www.statigeneralinnovazione.it\\\/roma-smart-city-26-novembre-2012\\\/#article\",\"isPartOf\":{\"@id\":\"https:\\\/\\\/www.statigeneralinnovazione.it\\\/roma-smart-city-26-novembre-2012\\\/\"},\"author\":{\"name\":\"Nicoletta Staccioli\",\"@id\":\"https:\\\/\\\/www.statigeneralinnovazione.it\\\/#\\\/schema\\\/person\\\/1acdd3726b4d533af02c672b6d2a07d5\"},\"headline\":\"Roma Smart City &#8211; 26 novembre 2012\",\"datePublished\":\"2015-02-15T20:47:10+00:00\",\"mainEntityOfPage\":{\"@id\":\"https:\\\/\\\/www.statigeneralinnovazione.it\\\/roma-smart-city-26-novembre-2012\\\/\"},\"wordCount\":699,\"commentCount\":0,\"publisher\":{\"@id\":\"https:\\\/\\\/www.statigeneralinnovazione.it\\\/#organization\"},\"keywords\":[\"eventi\",\"progetti\",\"RomaSmartCity\",\"smartCities\"],\"articleSection\":[\"Notizie dai progetti\"],\"inLanguage\":\"en-GB\",\"potentialAction\":[{\"@type\":\"CommentAction\",\"name\":\"Comment\",\"target\":[\"https:\\\/\\\/www.statigeneralinnovazione.it\\\/roma-smart-city-26-novembre-2012\\\/#respond\"]}]},{\"@type\":\"WebPage\",\"@id\":\"https:\\\/\\\/www.statigeneralinnovazione.it\\\/roma-smart-city-26-novembre-2012\\\/\",\"url\":\"https:\\\/\\\/www.statigeneralinnovazione.it\\\/roma-smart-city-26-novembre-2012\\\/\",\"name\":\"Roma Smart City - 26 novembre 2012 - Stati Generali dell&#039;Innovazione\",\"isPartOf\":{\"@id\":\"https:\\\/\\\/www.statigeneralinnovazione.it\\\/#website\"},\"datePublished\":\"2015-02-15T20:47:10+00:00\",\"breadcrumb\":{\"@id\":\"https:\\\/\\\/www.statigeneralinnovazione.it\\\/roma-smart-city-26-novembre-2012\\\/#breadcrumb\"},\"inLanguage\":\"en-GB\",\"potentialAction\":[{\"@type\":\"ReadAction\",\"target\":[\"https:\\\/\\\/www.statigeneralinnovazione.it\\\/roma-smart-city-26-novembre-2012\\\/\"]}]},{\"@type\":\"BreadcrumbList\",\"@id\":\"https:\\\/\\\/www.statigeneralinnovazione.it\\\/roma-smart-city-26-novembre-2012\\\/#breadcrumb\",\"itemListElement\":[{\"@type\":\"ListItem\",\"position\":1,\"name\":\"Home\",\"item\":\"https:\\\/\\\/www.statigeneralinnovazione.it\\\/\"},{\"@type\":\"ListItem\",\"position\":2,\"name\":\"Notizie\",\"item\":\"https:\\\/\\\/www.statigeneralinnovazione.it\\\/category\\\/notizie\\\/\"},{\"@type\":\"ListItem\",\"position\":3,\"name\":\"Notizie dai progetti\",\"item\":\"https:\\\/\\\/www.statigeneralinnovazione.it\\\/category\\\/notizie\\\/notizie-dai-progetti\\\/\"},{\"@type\":\"ListItem\",\"position\":4,\"name\":\"Roma Smart City &#8211; 26 novembre 2012\"}]},{\"@type\":\"WebSite\",\"@id\":\"https:\\\/\\\/www.statigeneralinnovazione.it\\\/#website\",\"url\":\"https:\\\/\\\/www.statigeneralinnovazione.it\\\/\",\"name\":\"Stati Generali dell&#039;Innovazione\",\"description\":\"Insieme per innovare\",\"publisher\":{\"@id\":\"https:\\\/\\\/www.statigeneralinnovazione.it\\\/#organization\"},\"potentialAction\":[{\"@type\":\"SearchAction\",\"target\":{\"@type\":\"EntryPoint\",\"urlTemplate\":\"https:\\\/\\\/www.statigeneralinnovazione.it\\\/?s={search_term_string}\"},\"query-input\":{\"@type\":\"PropertyValueSpecification\",\"valueRequired\":true,\"valueName\":\"search_term_string\"}}],\"inLanguage\":\"en-GB\"},{\"@type\":\"Organization\",\"@id\":\"https:\\\/\\\/www.statigeneralinnovazione.it\\\/#organization\",\"name\":\"Stati Generali dell&#039;Innovazione\",\"url\":\"https:\\\/\\\/www.statigeneralinnovazione.it\\\/\",\"logo\":{\"@type\":\"ImageObject\",\"inLanguage\":\"en-GB\",\"@id\":\"https:\\\/\\\/www.statigeneralinnovazione.it\\\/#\\\/schema\\\/logo\\\/image\\\/\",\"url\":\"https:\\\/\\\/www.statigeneralinnovazione.it\\\/wp-content\\\/uploads\\\/2016\\\/10\\\/logo_sgi_retina_544x180.png\",\"contentUrl\":\"https:\\\/\\\/www.statigeneralinnovazione.it\\\/wp-content\\\/uploads\\\/2016\\\/10\\\/logo_sgi_retina_544x180.png\",\"width\":544,\"height\":180,\"caption\":\"Stati Generali dell&#039;Innovazione\"},\"image\":{\"@id\":\"https:\\\/\\\/www.statigeneralinnovazione.it\\\/#\\\/schema\\\/logo\\\/image\\\/\"}},{\"@type\":\"Person\",\"@id\":\"https:\\\/\\\/www.statigeneralinnovazione.it\\\/#\\\/schema\\\/person\\\/1acdd3726b4d533af02c672b6d2a07d5\",\"name\":\"Nicoletta Staccioli\",\"image\":{\"@type\":\"ImageObject\",\"inLanguage\":\"en-GB\",\"@id\":\"https:\\\/\\\/secure.gravatar.com\\\/avatar\\\/4c61b6eb0e17432eb89a28016e3327bf1e0b8ff9b9e1fff2cf702074d9ae6491?s=96&r=g\",\"url\":\"https:\\\/\\\/secure.gravatar.com\\\/avatar\\\/4c61b6eb0e17432eb89a28016e3327bf1e0b8ff9b9e1fff2cf702074d9ae6491?s=96&r=g\",\"contentUrl\":\"https:\\\/\\\/secure.gravatar.com\\\/avatar\\\/4c61b6eb0e17432eb89a28016e3327bf1e0b8ff9b9e1fff2cf702074d9ae6491?s=96&r=g\",\"caption\":\"Nicoletta Staccioli\"},\"url\":\"https:\\\/\\\/www.statigeneralinnovazione.it\\\/en\\\/author\\\/nstaccioliyahoo-it\\\/\"}]}<\/script>\n<!-- \/ Yoast SEO Premium plugin. -->","yoast_head_json":{"title":"Roma Smart City - 26 novembre 2012 - Stati Generali dell&#039;Innovazione","robots":{"index":"index","follow":"follow","max-snippet":"max-snippet:-1","max-image-preview":"max-image-preview:large","max-video-preview":"max-video-preview:-1"},"canonical":"https:\/\/www.statigeneralinnovazione.it\/en\/roma-smart-city-26-novembre-2012\/","schema":{"@context":"https:\/\/schema.org","@graph":[{"@type":"Article","@id":"https:\/\/www.statigeneralinnovazione.it\/roma-smart-city-26-novembre-2012\/#article","isPartOf":{"@id":"https:\/\/www.statigeneralinnovazione.it\/roma-smart-city-26-novembre-2012\/"},"author":{"name":"Nicoletta Staccioli","@id":"https:\/\/www.statigeneralinnovazione.it\/#\/schema\/person\/1acdd3726b4d533af02c672b6d2a07d5"},"headline":"Roma Smart City &#8211; 26 novembre 2012","datePublished":"2015-02-15T20:47:10+00:00","mainEntityOfPage":{"@id":"https:\/\/www.statigeneralinnovazione.it\/roma-smart-city-26-novembre-2012\/"},"wordCount":699,"commentCount":0,"publisher":{"@id":"https:\/\/www.statigeneralinnovazione.it\/#organization"},"keywords":["eventi","progetti","RomaSmartCity","smartCities"],"articleSection":["Notizie dai progetti"],"inLanguage":"en-GB","potentialAction":[{"@type":"CommentAction","name":"Comment","target":["https:\/\/www.statigeneralinnovazione.it\/roma-smart-city-26-novembre-2012\/#respond"]}]},{"@type":"WebPage","@id":"https:\/\/www.statigeneralinnovazione.it\/roma-smart-city-26-novembre-2012\/","url":"https:\/\/www.statigeneralinnovazione.it\/roma-smart-city-26-novembre-2012\/","name":"Roma Smart City - 26 novembre 2012 - Stati Generali dell&#039;Innovazione","isPartOf":{"@id":"https:\/\/www.statigeneralinnovazione.it\/#website"},"datePublished":"2015-02-15T20:47:10+00:00","breadcrumb":{"@id":"https:\/\/www.statigeneralinnovazione.it\/roma-smart-city-26-novembre-2012\/#breadcrumb"},"inLanguage":"en-GB","potentialAction":[{"@type":"ReadAction","target":["https:\/\/www.statigeneralinnovazione.it\/roma-smart-city-26-novembre-2012\/"]}]},{"@type":"BreadcrumbList","@id":"https:\/\/www.statigeneralinnovazione.it\/roma-smart-city-26-novembre-2012\/#breadcrumb","itemListElement":[{"@type":"ListItem","position":1,"name":"Home","item":"https:\/\/www.statigeneralinnovazione.it\/"},{"@type":"ListItem","position":2,"name":"Notizie","item":"https:\/\/www.statigeneralinnovazione.it\/category\/notizie\/"},{"@type":"ListItem","position":3,"name":"Notizie dai progetti","item":"https:\/\/www.statigeneralinnovazione.it\/category\/notizie\/notizie-dai-progetti\/"},{"@type":"ListItem","position":4,"name":"Roma Smart City &#8211; 26 novembre 2012"}]},{"@type":"WebSite","@id":"https:\/\/www.statigeneralinnovazione.it\/#website","url":"https:\/\/www.statigeneralinnovazione.it\/","name":"States General of Innovation","description":"Together to innovate","publisher":{"@id":"https:\/\/www.statigeneralinnovazione.it\/#organization"},"potentialAction":[{"@type":"SearchAction","target":{"@type":"EntryPoint","urlTemplate":"https:\/\/www.statigeneralinnovazione.it\/?s={search_term_string}"},"query-input":{"@type":"PropertyValueSpecification","valueRequired":true,"valueName":"search_term_string"}}],"inLanguage":"en-GB"},{"@type":"Organization","@id":"https:\/\/www.statigeneralinnovazione.it\/#organization","name":"States General of Innovation","url":"https:\/\/www.statigeneralinnovazione.it\/","logo":{"@type":"ImageObject","inLanguage":"en-GB","@id":"https:\/\/www.statigeneralinnovazione.it\/#\/schema\/logo\/image\/","url":"https:\/\/www.statigeneralinnovazione.it\/wp-content\/uploads\/2016\/10\/logo_sgi_retina_544x180.png","contentUrl":"https:\/\/www.statigeneralinnovazione.it\/wp-content\/uploads\/2016\/10\/logo_sgi_retina_544x180.png","width":544,"height":180,"caption":"Stati Generali dell&#039;Innovazione"},"image":{"@id":"https:\/\/www.statigeneralinnovazione.it\/#\/schema\/logo\/image\/"}},{"@type":"Person","@id":"https:\/\/www.statigeneralinnovazione.it\/#\/schema\/person\/1acdd3726b4d533af02c672b6d2a07d5","name":"Nicoletta Staccioli","image":{"@type":"ImageObject","inLanguage":"en-GB","@id":"https:\/\/secure.gravatar.com\/avatar\/4c61b6eb0e17432eb89a28016e3327bf1e0b8ff9b9e1fff2cf702074d9ae6491?s=96&r=g","url":"https:\/\/secure.gravatar.com\/avatar\/4c61b6eb0e17432eb89a28016e3327bf1e0b8ff9b9e1fff2cf702074d9ae6491?s=96&r=g","contentUrl":"https:\/\/secure.gravatar.com\/avatar\/4c61b6eb0e17432eb89a28016e3327bf1e0b8ff9b9e1fff2cf702074d9ae6491?s=96&r=g","caption":"Nicoletta Staccioli"},"url":"https:\/\/www.statigeneralinnovazione.it\/en\/author\/nstaccioliyahoo-it\/"}]}},"_links":{"self":[{"href":"https:\/\/www.statigeneralinnovazione.it\/en\/wp-json\/wp\/v2\/posts\/6274","targetHints":{"allow":["GET"]}}],"collection":[{"href":"https:\/\/www.statigeneralinnovazione.it\/en\/wp-json\/wp\/v2\/posts"}],"about":[{"href":"https:\/\/www.statigeneralinnovazione.it\/en\/wp-json\/wp\/v2\/types\/post"}],"author":[{"embeddable":true,"href":"https:\/\/www.statigeneralinnovazione.it\/en\/wp-json\/wp\/v2\/users\/2476"}],"replies":[{"embeddable":true,"href":"https:\/\/www.statigeneralinnovazione.it\/en\/wp-json\/wp\/v2\/comments?post=6274"}],"version-history":[{"count":0,"href":"https:\/\/www.statigeneralinnovazione.it\/en\/wp-json\/wp\/v2\/posts\/6274\/revisions"}],"wp:attachment":[{"href":"https:\/\/www.statigeneralinnovazione.it\/en\/wp-json\/wp\/v2\/media?parent=6274"}],"wp:term":[{"taxonomy":"category","embeddable":true,"href":"https:\/\/www.statigeneralinnovazione.it\/en\/wp-json\/wp\/v2\/categories?post=6274"},{"taxonomy":"post_tag","embeddable":true,"href":"https:\/\/www.statigeneralinnovazione.it\/en\/wp-json\/wp\/v2\/tags?post=6274"}],"curies":[{"name":"wp","href":"https:\/\/api.w.org\/{rel}","templated":true}]}}