{"id":6138,"date":"2015-01-25T17:28:11","date_gmt":"2015-01-25T16:28:11","guid":{"rendered":"https:\/\/www.statigeneralinnovazione.it\/?p=6138"},"modified":"2015-02-26T10:46:37","modified_gmt":"2015-02-26T09:46:37","slug":"lebook-la-rete-e-il-fattore-c-e-disponibile-su-amazon","status":"publish","type":"post","link":"https:\/\/www.statigeneralinnovazione.it\/en\/lebook-la-rete-e-il-fattore-c-e-disponibile-su-amazon\/","title":{"rendered":"The ebook \u201cThe Network and the C Factor\u201d is available on Amazon"},"content":{"rendered":"<p>La pubblicazione, secondo volume della Collana WoW (World of Wister) nasce a seguito di vari incontri e corsi gratuiti tenuti nel corso dell\u2019ultimo anno dalla Rete WISTER-SGI a diverse categorie quali genitori, docenti, educatori, insegnanti, studenti, raccogliendo i contributi di esperte\/i, studiosi\/e sulle tematiche legate all\u2019utilizzo della Rete in termini di opportunit\u00e0 e rischi.L\u2019ebook \u00e8 stato strutturato in tre capitoli tematici.La prima sezione \u00e8 quella dedicata alle opportunit\u00e0 legate al potenziale dell\u2019utilizzo di Internet in ambito professionale, sociale, economico e privato. Nel capitolo abbiamo analizzato come le principali opportunit\u00e0 offerte dalla rete si possono classificare in alcune categorie omogenee: Relazioni sociali; Relazioni politiche; Economia e lavoro; Condivisione della conoscenza, Ricerca e formazione; Benessere e qualit\u00e0 della vita. La seconda sezione, dedicata invece ai rischi, cerca di porre in evidenza quelli che sono alcuni tra i rischi maggiormente presenti sulla rete a cui siamo sottoposti oggi, anche in ottica di genere, per far conoscere alcuni fenomeni quali cyberbullismo, cyberstalking, hate speech, molestie on line, sottolineando come attraverso un uso consapevole e intelligente degli strumenti, questi pericoli possano essere arginati. Nelle attivit\u00e0 online le persone hanno una minore consapevolezza dei rischi e sono meno prudenti nella valutazione delle situazioni di pericolo rispetto all&#8217;ambiente fisico, ci\u00f2 pu\u00f2 aumentare la probabilit\u00e0 di messaggi formulati negativamente oppure inviati senza una corretta considerazione di come potrebbero essere interpretati, sopratutto laddove si riscontrano carenze conoscitive e mancanza di competenze o consapevolezza sufficiente in relazione agli strumenti tecnologici e digitali utilizzati per le proprie interazioni. Ed infatti l&#8217;uso distorto di alcuni di questi strumenti &#8211; social network, blog, chat, istant messaging, email, sms &#8211; ha contribuito alla nascita e sviluppo del fenomeno delle molestie online (cyberbullying e\/o cyberharrasment).La terza e ultima parte \u00e8 finalizzata alla presentazione di strumenti utili a utilizzare nel migliore dei modi i servizi, le applicazioni, i software o i progetti gi\u00e0 presenti in Rete. Il tutto con l\u2019obiettivo primario di indurre le persone a utilizzare lo strumento Rete con approccio critico, al riparo da pericoli, consentendo una crescita culturale, professionale, sociale. Un uso consapevole degli strumenti informatici a disposizione, unito a buone abitudini di sicurezza online non danno sicurezza assoluta per se stessi e per chi ci sta vicino. La sicurezza al 100% in informatica non esiste, ma molto si pu\u00f2 fare anche con pochi accorgimenti per proteggere i nostri dati e metterci al riparo dai rischi pi\u00f9 diffusi. Tenendo un atteggiamento corretto, inoltre, possiamo contribuire tutti a fare della Rete che abitiamo un posto pi\u00f9 pulito, pi\u00f9 serio, pi\u00f9 attendibile. E magari anche un posto dove possiamo sentirci pi\u00f9 sicuri.<\/p>\n<p>L&#8217;e-book \u00e8 disponibile per l&#8217;acquisto presso le principali librerie online. Ad esempio <a href=\"http:\/\/www.amazon.it\/fattore-Competenze-Consapevolezze-Conoscenze-Collana-ebook\/dp\/B00TXZENSS\/ref=sr_1_1?ie=UTF8&#038;qid=1424779933&#038;sr=8-1&#038;keywords=la+rete+e+il+fattore+c\" target=\"_blank\">here<\/a>.<\/p>","protected":false},"excerpt":{"rendered":"<p>La pubblicazione, secondo volume della Collana WoW (World of Wister) nasce a seguito di vari incontri e corsi gratuiti tenuti nel corso dell\u2019ultimo anno dalla Rete WISTER-SGI a diverse categorie quali genitori, docenti, educatori, insegnanti, [&hellip;]<\/p>\n","protected":false},"author":77,"featured_media":6142,"comment_status":"open","ping_status":"closed","sticky":false,"template":"","format":"standard","meta":{"site-sidebar-layout":"default","site-content-layout":"","ast-site-content-layout":"default","site-content-style":"default","site-sidebar-style":"default","ast-global-header-display":"","ast-banner-title-visibility":"","ast-main-header-display":"","ast-hfb-above-header-display":"","ast-hfb-below-header-display":"","ast-hfb-mobile-header-display":"","site-post-title":"","ast-breadcrumbs-content":"","ast-featured-img":"","footer-sml-layout":"","ast-disable-related-posts":"","theme-transparent-header-meta":"","adv-header-id-meta":"","stick-header-meta":"","header-above-stick-meta":"","header-main-stick-meta":"","header-below-stick-meta":"","astra-migrate-meta-layouts":"default","ast-page-background-enabled":"default","ast-page-background-meta":{"desktop":{"background-color":"var(--ast-global-color-4)","background-image":"","background-repeat":"repeat","background-position":"center center","background-size":"auto","background-attachment":"scroll","background-type":"","background-media":"","overlay-type":"","overlay-color":"","overlay-opacity":"","overlay-gradient":""},"tablet":{"background-color":"","background-image":"","background-repeat":"repeat","background-position":"center center","background-size":"auto","background-attachment":"scroll","background-type":"","background-media":"","overlay-type":"","overlay-color":"","overlay-opacity":"","overlay-gradient":""},"mobile":{"background-color":"","background-image":"","background-repeat":"repeat","background-position":"center center","background-size":"auto","background-attachment":"scroll","background-type":"","background-media":"","overlay-type":"","overlay-color":"","overlay-opacity":"","overlay-gradient":""}},"ast-content-background-meta":{"desktop":{"background-color":"var(--ast-global-color-5)","background-image":"","background-repeat":"repeat","background-position":"center center","background-size":"auto","background-attachment":"scroll","background-type":"","background-media":"","overlay-type":"","overlay-color":"","overlay-opacity":"","overlay-gradient":""},"tablet":{"background-color":"var(--ast-global-color-5)","background-image":"","background-repeat":"repeat","background-position":"center center","background-size":"auto","background-attachment":"scroll","background-type":"","background-media":"","overlay-type":"","overlay-color":"","overlay-opacity":"","overlay-gradient":""},"mobile":{"background-color":"var(--ast-global-color-5)","background-image":"","background-repeat":"repeat","background-position":"center center","background-size":"auto","background-attachment":"scroll","background-type":"","background-media":"","overlay-type":"","overlay-color":"","overlay-opacity":"","overlay-gradient":""}},"footnotes":""},"categories":[231],"tags":[],"class_list":["post-6138","post","type-post","status-publish","format-standard","has-post-thumbnail","hentry","category-prodotti"],"yoast_head":"<!-- This site is optimized with the Yoast SEO Premium plugin v21.1 (Yoast SEO v27.4) - https:\/\/yoast.com\/product\/yoast-seo-premium-wordpress\/ -->\n<title>L&#039;ebook &quot;La Rete e il Fattore C&quot; \u00e8 disponibile su Amazon - Stati Generali dell&#039;Innovazione<\/title>\n<meta name=\"robots\" content=\"index, follow, max-snippet:-1, max-image-preview:large, max-video-preview:-1\" \/>\n<link rel=\"canonical\" href=\"https:\/\/www.statigeneralinnovazione.it\/en\/lebook-la-rete-e-il-fattore-c-e-disponibile-su-amazon\/\" \/>\n<script type=\"application\/ld+json\" class=\"yoast-schema-graph\">{\"@context\":\"https:\\\/\\\/schema.org\",\"@graph\":[{\"@type\":\"Article\",\"@id\":\"https:\\\/\\\/www.statigeneralinnovazione.it\\\/lebook-la-rete-e-il-fattore-c-e-disponibile-su-amazon\\\/#article\",\"isPartOf\":{\"@id\":\"https:\\\/\\\/www.statigeneralinnovazione.it\\\/lebook-la-rete-e-il-fattore-c-e-disponibile-su-amazon\\\/\"},\"author\":{\"name\":\"Redazione\",\"@id\":\"https:\\\/\\\/www.statigeneralinnovazione.it\\\/#\\\/schema\\\/person\\\/51598ebe61797d7e0789ebfc5c954ce0\"},\"headline\":\"L&#8217;ebook &#8220;La Rete e il Fattore C&#8221; \u00e8 disponibile su Amazon\",\"datePublished\":\"2015-01-25T16:28:11+00:00\",\"dateModified\":\"2015-02-26T09:46:37+00:00\",\"mainEntityOfPage\":{\"@id\":\"https:\\\/\\\/www.statigeneralinnovazione.it\\\/lebook-la-rete-e-il-fattore-c-e-disponibile-su-amazon\\\/\"},\"wordCount\":461,\"commentCount\":2,\"publisher\":{\"@id\":\"https:\\\/\\\/www.statigeneralinnovazione.it\\\/#organization\"},\"image\":{\"@id\":\"https:\\\/\\\/www.statigeneralinnovazione.it\\\/lebook-la-rete-e-il-fattore-c-e-disponibile-su-amazon\\\/#primaryimage\"},\"thumbnailUrl\":\"https:\\\/\\\/www.statigeneralinnovazione.it\\\/wp-content\\\/uploads\\\/2015\\\/01\\\/La-Rete-e-il-Fattore-C2.jpg\",\"articleSection\":[\"Prodotti\"],\"inLanguage\":\"en-GB\",\"potentialAction\":[{\"@type\":\"CommentAction\",\"name\":\"Comment\",\"target\":[\"https:\\\/\\\/www.statigeneralinnovazione.it\\\/lebook-la-rete-e-il-fattore-c-e-disponibile-su-amazon\\\/#respond\"]}]},{\"@type\":\"WebPage\",\"@id\":\"https:\\\/\\\/www.statigeneralinnovazione.it\\\/lebook-la-rete-e-il-fattore-c-e-disponibile-su-amazon\\\/\",\"url\":\"https:\\\/\\\/www.statigeneralinnovazione.it\\\/lebook-la-rete-e-il-fattore-c-e-disponibile-su-amazon\\\/\",\"name\":\"L'ebook \\\"La Rete e il Fattore C\\\" \u00e8 disponibile su Amazon - Stati Generali dell&#039;Innovazione\",\"isPartOf\":{\"@id\":\"https:\\\/\\\/www.statigeneralinnovazione.it\\\/#website\"},\"primaryImageOfPage\":{\"@id\":\"https:\\\/\\\/www.statigeneralinnovazione.it\\\/lebook-la-rete-e-il-fattore-c-e-disponibile-su-amazon\\\/#primaryimage\"},\"image\":{\"@id\":\"https:\\\/\\\/www.statigeneralinnovazione.it\\\/lebook-la-rete-e-il-fattore-c-e-disponibile-su-amazon\\\/#primaryimage\"},\"thumbnailUrl\":\"https:\\\/\\\/www.statigeneralinnovazione.it\\\/wp-content\\\/uploads\\\/2015\\\/01\\\/La-Rete-e-il-Fattore-C2.jpg\",\"datePublished\":\"2015-01-25T16:28:11+00:00\",\"dateModified\":\"2015-02-26T09:46:37+00:00\",\"breadcrumb\":{\"@id\":\"https:\\\/\\\/www.statigeneralinnovazione.it\\\/lebook-la-rete-e-il-fattore-c-e-disponibile-su-amazon\\\/#breadcrumb\"},\"inLanguage\":\"en-GB\",\"potentialAction\":[{\"@type\":\"ReadAction\",\"target\":[\"https:\\\/\\\/www.statigeneralinnovazione.it\\\/lebook-la-rete-e-il-fattore-c-e-disponibile-su-amazon\\\/\"]}]},{\"@type\":\"ImageObject\",\"inLanguage\":\"en-GB\",\"@id\":\"https:\\\/\\\/www.statigeneralinnovazione.it\\\/lebook-la-rete-e-il-fattore-c-e-disponibile-su-amazon\\\/#primaryimage\",\"url\":\"https:\\\/\\\/www.statigeneralinnovazione.it\\\/wp-content\\\/uploads\\\/2015\\\/01\\\/La-Rete-e-il-Fattore-C2.jpg\",\"contentUrl\":\"https:\\\/\\\/www.statigeneralinnovazione.it\\\/wp-content\\\/uploads\\\/2015\\\/01\\\/La-Rete-e-il-Fattore-C2.jpg\",\"width\":1024,\"height\":685},{\"@type\":\"BreadcrumbList\",\"@id\":\"https:\\\/\\\/www.statigeneralinnovazione.it\\\/lebook-la-rete-e-il-fattore-c-e-disponibile-su-amazon\\\/#breadcrumb\",\"itemListElement\":[{\"@type\":\"ListItem\",\"position\":1,\"name\":\"Home\",\"item\":\"https:\\\/\\\/www.statigeneralinnovazione.it\\\/\"},{\"@type\":\"ListItem\",\"position\":2,\"name\":\"Notizie\",\"item\":\"https:\\\/\\\/www.statigeneralinnovazione.it\\\/category\\\/notizie\\\/\"},{\"@type\":\"ListItem\",\"position\":3,\"name\":\"Prodotti\",\"item\":\"https:\\\/\\\/www.statigeneralinnovazione.it\\\/category\\\/notizie\\\/prodotti\\\/\"},{\"@type\":\"ListItem\",\"position\":4,\"name\":\"L&#8217;ebook &#8220;La Rete e il Fattore C&#8221; \u00e8 disponibile su Amazon\"}]},{\"@type\":\"WebSite\",\"@id\":\"https:\\\/\\\/www.statigeneralinnovazione.it\\\/#website\",\"url\":\"https:\\\/\\\/www.statigeneralinnovazione.it\\\/\",\"name\":\"Stati Generali dell&#039;Innovazione\",\"description\":\"Insieme per innovare\",\"publisher\":{\"@id\":\"https:\\\/\\\/www.statigeneralinnovazione.it\\\/#organization\"},\"potentialAction\":[{\"@type\":\"SearchAction\",\"target\":{\"@type\":\"EntryPoint\",\"urlTemplate\":\"https:\\\/\\\/www.statigeneralinnovazione.it\\\/?s={search_term_string}\"},\"query-input\":{\"@type\":\"PropertyValueSpecification\",\"valueRequired\":true,\"valueName\":\"search_term_string\"}}],\"inLanguage\":\"en-GB\"},{\"@type\":\"Organization\",\"@id\":\"https:\\\/\\\/www.statigeneralinnovazione.it\\\/#organization\",\"name\":\"Stati Generali dell&#039;Innovazione\",\"url\":\"https:\\\/\\\/www.statigeneralinnovazione.it\\\/\",\"logo\":{\"@type\":\"ImageObject\",\"inLanguage\":\"en-GB\",\"@id\":\"https:\\\/\\\/www.statigeneralinnovazione.it\\\/#\\\/schema\\\/logo\\\/image\\\/\",\"url\":\"https:\\\/\\\/www.statigeneralinnovazione.it\\\/wp-content\\\/uploads\\\/2016\\\/10\\\/logo_sgi_retina_544x180.png\",\"contentUrl\":\"https:\\\/\\\/www.statigeneralinnovazione.it\\\/wp-content\\\/uploads\\\/2016\\\/10\\\/logo_sgi_retina_544x180.png\",\"width\":544,\"height\":180,\"caption\":\"Stati Generali dell&#039;Innovazione\"},\"image\":{\"@id\":\"https:\\\/\\\/www.statigeneralinnovazione.it\\\/#\\\/schema\\\/logo\\\/image\\\/\"}},{\"@type\":\"Person\",\"@id\":\"https:\\\/\\\/www.statigeneralinnovazione.it\\\/#\\\/schema\\\/person\\\/51598ebe61797d7e0789ebfc5c954ce0\",\"name\":\"Redazione\",\"image\":{\"@type\":\"ImageObject\",\"inLanguage\":\"en-GB\",\"@id\":\"https:\\\/\\\/secure.gravatar.com\\\/avatar\\\/596ba1bbd547923a10a214653063f6c7abb917caa072bcb2c91e6ac427bd5867?s=96&r=g\",\"url\":\"https:\\\/\\\/secure.gravatar.com\\\/avatar\\\/596ba1bbd547923a10a214653063f6c7abb917caa072bcb2c91e6ac427bd5867?s=96&r=g\",\"contentUrl\":\"https:\\\/\\\/secure.gravatar.com\\\/avatar\\\/596ba1bbd547923a10a214653063f6c7abb917caa072bcb2c91e6ac427bd5867?s=96&r=g\",\"caption\":\"Redazione\"},\"sameAs\":[\"https:\\\/\\\/www.statigeneralinnovazione.it\\\/\"],\"url\":\"https:\\\/\\\/www.statigeneralinnovazione.it\\\/en\\\/author\\\/redazione\\\/\"}]}<\/script>\n<!-- \/ Yoast SEO Premium plugin. -->","yoast_head_json":{"title":"L'ebook \"La Rete e il Fattore C\" \u00e8 disponibile su Amazon - Stati Generali dell&#039;Innovazione","robots":{"index":"index","follow":"follow","max-snippet":"max-snippet:-1","max-image-preview":"max-image-preview:large","max-video-preview":"max-video-preview:-1"},"canonical":"https:\/\/www.statigeneralinnovazione.it\/en\/lebook-la-rete-e-il-fattore-c-e-disponibile-su-amazon\/","schema":{"@context":"https:\/\/schema.org","@graph":[{"@type":"Article","@id":"https:\/\/www.statigeneralinnovazione.it\/lebook-la-rete-e-il-fattore-c-e-disponibile-su-amazon\/#article","isPartOf":{"@id":"https:\/\/www.statigeneralinnovazione.it\/lebook-la-rete-e-il-fattore-c-e-disponibile-su-amazon\/"},"author":{"name":"Redazione","@id":"https:\/\/www.statigeneralinnovazione.it\/#\/schema\/person\/51598ebe61797d7e0789ebfc5c954ce0"},"headline":"L&#8217;ebook &#8220;La Rete e il Fattore C&#8221; \u00e8 disponibile su Amazon","datePublished":"2015-01-25T16:28:11+00:00","dateModified":"2015-02-26T09:46:37+00:00","mainEntityOfPage":{"@id":"https:\/\/www.statigeneralinnovazione.it\/lebook-la-rete-e-il-fattore-c-e-disponibile-su-amazon\/"},"wordCount":461,"commentCount":2,"publisher":{"@id":"https:\/\/www.statigeneralinnovazione.it\/#organization"},"image":{"@id":"https:\/\/www.statigeneralinnovazione.it\/lebook-la-rete-e-il-fattore-c-e-disponibile-su-amazon\/#primaryimage"},"thumbnailUrl":"https:\/\/www.statigeneralinnovazione.it\/wp-content\/uploads\/2015\/01\/La-Rete-e-il-Fattore-C2.jpg","articleSection":["Prodotti"],"inLanguage":"en-GB","potentialAction":[{"@type":"CommentAction","name":"Comment","target":["https:\/\/www.statigeneralinnovazione.it\/lebook-la-rete-e-il-fattore-c-e-disponibile-su-amazon\/#respond"]}]},{"@type":"WebPage","@id":"https:\/\/www.statigeneralinnovazione.it\/lebook-la-rete-e-il-fattore-c-e-disponibile-su-amazon\/","url":"https:\/\/www.statigeneralinnovazione.it\/lebook-la-rete-e-il-fattore-c-e-disponibile-su-amazon\/","name":"L'ebook \"La Rete e il Fattore C\" \u00e8 disponibile su Amazon - Stati Generali dell&#039;Innovazione","isPartOf":{"@id":"https:\/\/www.statigeneralinnovazione.it\/#website"},"primaryImageOfPage":{"@id":"https:\/\/www.statigeneralinnovazione.it\/lebook-la-rete-e-il-fattore-c-e-disponibile-su-amazon\/#primaryimage"},"image":{"@id":"https:\/\/www.statigeneralinnovazione.it\/lebook-la-rete-e-il-fattore-c-e-disponibile-su-amazon\/#primaryimage"},"thumbnailUrl":"https:\/\/www.statigeneralinnovazione.it\/wp-content\/uploads\/2015\/01\/La-Rete-e-il-Fattore-C2.jpg","datePublished":"2015-01-25T16:28:11+00:00","dateModified":"2015-02-26T09:46:37+00:00","breadcrumb":{"@id":"https:\/\/www.statigeneralinnovazione.it\/lebook-la-rete-e-il-fattore-c-e-disponibile-su-amazon\/#breadcrumb"},"inLanguage":"en-GB","potentialAction":[{"@type":"ReadAction","target":["https:\/\/www.statigeneralinnovazione.it\/lebook-la-rete-e-il-fattore-c-e-disponibile-su-amazon\/"]}]},{"@type":"ImageObject","inLanguage":"en-GB","@id":"https:\/\/www.statigeneralinnovazione.it\/lebook-la-rete-e-il-fattore-c-e-disponibile-su-amazon\/#primaryimage","url":"https:\/\/www.statigeneralinnovazione.it\/wp-content\/uploads\/2015\/01\/La-Rete-e-il-Fattore-C2.jpg","contentUrl":"https:\/\/www.statigeneralinnovazione.it\/wp-content\/uploads\/2015\/01\/La-Rete-e-il-Fattore-C2.jpg","width":1024,"height":685},{"@type":"BreadcrumbList","@id":"https:\/\/www.statigeneralinnovazione.it\/lebook-la-rete-e-il-fattore-c-e-disponibile-su-amazon\/#breadcrumb","itemListElement":[{"@type":"ListItem","position":1,"name":"Home","item":"https:\/\/www.statigeneralinnovazione.it\/"},{"@type":"ListItem","position":2,"name":"Notizie","item":"https:\/\/www.statigeneralinnovazione.it\/category\/notizie\/"},{"@type":"ListItem","position":3,"name":"Prodotti","item":"https:\/\/www.statigeneralinnovazione.it\/category\/notizie\/prodotti\/"},{"@type":"ListItem","position":4,"name":"L&#8217;ebook &#8220;La Rete e il Fattore C&#8221; \u00e8 disponibile su Amazon"}]},{"@type":"WebSite","@id":"https:\/\/www.statigeneralinnovazione.it\/#website","url":"https:\/\/www.statigeneralinnovazione.it\/","name":"States General of Innovation","description":"Together to innovate","publisher":{"@id":"https:\/\/www.statigeneralinnovazione.it\/#organization"},"potentialAction":[{"@type":"SearchAction","target":{"@type":"EntryPoint","urlTemplate":"https:\/\/www.statigeneralinnovazione.it\/?s={search_term_string}"},"query-input":{"@type":"PropertyValueSpecification","valueRequired":true,"valueName":"search_term_string"}}],"inLanguage":"en-GB"},{"@type":"Organization","@id":"https:\/\/www.statigeneralinnovazione.it\/#organization","name":"States General of Innovation","url":"https:\/\/www.statigeneralinnovazione.it\/","logo":{"@type":"ImageObject","inLanguage":"en-GB","@id":"https:\/\/www.statigeneralinnovazione.it\/#\/schema\/logo\/image\/","url":"https:\/\/www.statigeneralinnovazione.it\/wp-content\/uploads\/2016\/10\/logo_sgi_retina_544x180.png","contentUrl":"https:\/\/www.statigeneralinnovazione.it\/wp-content\/uploads\/2016\/10\/logo_sgi_retina_544x180.png","width":544,"height":180,"caption":"Stati Generali dell&#039;Innovazione"},"image":{"@id":"https:\/\/www.statigeneralinnovazione.it\/#\/schema\/logo\/image\/"}},{"@type":"Person","@id":"https:\/\/www.statigeneralinnovazione.it\/#\/schema\/person\/51598ebe61797d7e0789ebfc5c954ce0","name":"Editorial board","image":{"@type":"ImageObject","inLanguage":"en-GB","@id":"https:\/\/secure.gravatar.com\/avatar\/596ba1bbd547923a10a214653063f6c7abb917caa072bcb2c91e6ac427bd5867?s=96&r=g","url":"https:\/\/secure.gravatar.com\/avatar\/596ba1bbd547923a10a214653063f6c7abb917caa072bcb2c91e6ac427bd5867?s=96&r=g","contentUrl":"https:\/\/secure.gravatar.com\/avatar\/596ba1bbd547923a10a214653063f6c7abb917caa072bcb2c91e6ac427bd5867?s=96&r=g","caption":"Redazione"},"sameAs":["https:\/\/www.statigeneralinnovazione.it\/"],"url":"https:\/\/www.statigeneralinnovazione.it\/en\/author\/redazione\/"}]}},"_links":{"self":[{"href":"https:\/\/www.statigeneralinnovazione.it\/en\/wp-json\/wp\/v2\/posts\/6138","targetHints":{"allow":["GET"]}}],"collection":[{"href":"https:\/\/www.statigeneralinnovazione.it\/en\/wp-json\/wp\/v2\/posts"}],"about":[{"href":"https:\/\/www.statigeneralinnovazione.it\/en\/wp-json\/wp\/v2\/types\/post"}],"author":[{"embeddable":true,"href":"https:\/\/www.statigeneralinnovazione.it\/en\/wp-json\/wp\/v2\/users\/77"}],"replies":[{"embeddable":true,"href":"https:\/\/www.statigeneralinnovazione.it\/en\/wp-json\/wp\/v2\/comments?post=6138"}],"version-history":[{"count":0,"href":"https:\/\/www.statigeneralinnovazione.it\/en\/wp-json\/wp\/v2\/posts\/6138\/revisions"}],"wp:featuredmedia":[{"embeddable":true,"href":"https:\/\/www.statigeneralinnovazione.it\/en\/wp-json\/wp\/v2\/media\/6142"}],"wp:attachment":[{"href":"https:\/\/www.statigeneralinnovazione.it\/en\/wp-json\/wp\/v2\/media?parent=6138"}],"wp:term":[{"taxonomy":"category","embeddable":true,"href":"https:\/\/www.statigeneralinnovazione.it\/en\/wp-json\/wp\/v2\/categories?post=6138"},{"taxonomy":"post_tag","embeddable":true,"href":"https:\/\/www.statigeneralinnovazione.it\/en\/wp-json\/wp\/v2\/tags?post=6138"}],"curies":[{"name":"wp","href":"https:\/\/api.w.org\/{rel}","templated":true}]}}