{"id":5689,"date":"2014-07-11T14:22:04","date_gmt":"2014-07-11T12:22:04","guid":{"rendered":"https:\/\/www.statigeneralinnovazione.it\/?p=5689"},"modified":"2015-01-15T22:54:27","modified_gmt":"2015-01-15T21:54:27","slug":"vogliamo-litalia-nel-registro-inspire","status":"publish","type":"post","link":"https:\/\/www.statigeneralinnovazione.it\/en\/vogliamo-litalia-nel-registro-inspire\/","title":{"rendered":"WE STILL WANT ITALY IN THE INSPIRE REGISTER"},"content":{"rendered":"<p><a href=\"https:\/\/www.statigeneralinnovazione.it\/wp-content\/uploads\/2014\/07\/italy_in_inspire_registry.png\"><img fetchpriority=\"high\" decoding=\"async\" class=\"alignleft size-medium wp-image-5690\" src=\"https:\/\/www.statigeneralinnovazione.it\/wp-content\/uploads\/2014\/07\/italy_in_inspire_registry-203x300.png\" alt=\"italy_in_inspire_registry\" width=\"203\" height=\"300\" \/><\/a>Ben 4 mesi fa <a href=\"https:\/\/www.statigeneralinnovazione.it\/en\/vogliamo-anche-litalia-nel-registro-inspire\/\">chiedevamo<\/a> una cosa <strong>dovuta<\/strong> And <strong>utile<\/strong>: che anche l&#8217;<strong>Italy<\/strong> fosse <strong>presente nel registro INSPIRE<\/strong>.<\/p>\n<p><strong>Non \u00e8 cambiato nulla<\/strong> e questo incomprensibile stallo non \u00e8 stato ancora superato. Ma c&#8217;\u00e8 una novit\u00e0 e vi chiediamo di darci una mano a sostenerla e diffonderla.<\/p>\n<p>La notizia di questa carenza di attuazione della normativa \u00e8 arrivata a un gruppo di parlamentari trasversale allo schieramento politico che \u00e8 interessato\/competente sulle tematiche dell&#8217;innovazione tecnologica. L&#8217;onorevole De Lorenzis l&#8217;ha fatta sua e ha redatto <a href=\"http:\/\/banchedati.camera.it\/sindacatoispettivo_17\/showXhtml.Asp?idAtto=20909&amp;stile=7&amp;highLight=1&amp;paroleContenute=%27INTERROGAZIONE+A+RISPOSTA+SCRITTA%27\">questa<\/a><strong> interrogazione parlamentare<\/strong>, in cui chiede al <strong>Ministro dell&#8217;ambiente e della tutela del territorio e del mare<\/strong> &#8220;quali iniziative intenda assumere al fine di ottemperare all&#8217;<strong>obbligo di implementazione e integrazione nel portale europeo<\/strong> dei servizi descritti in premessa come richiesto dalla direttiva Inspire e dal **relativo decreto di recepimento della stessa&#8221;.<\/p>\n<p>There<a href=\"http:\/\/agenziauscite.openstreetmap.it\/\"> recente campagna<\/a> affinch\u00e9 l&#8217;Agenzia delle Entrate facesse quanto dovuto nei confronti della comunit\u00e0 <strong>OpenStreetMap<\/strong>, ha tra i tanti pregi quella di farci sentire pi\u00f9 forti.<\/p>\n<p>Noi scriveremo nei social network:<\/p>\n<ul>\n<li>@minambienteIT @glgalletti vogliamo l&#8217;Italia nel registro INSPIRE e vogliamo una risposta <a href=\"http:\/\/banchedati.camera.it\/sindacatoispettivo_17\/showXhtml.Asp?idAtto=20909&amp;stile=7&amp;highLight=1&amp;paroleContenute=%27INTERROGAZIONE+A+RISPOSTA+SCRITTA%27\">http:\/\/bit.ly\/italy4inspire<\/a> #italy4INSPIRE<\/li>\n<\/ul>\n<p><strong>Fatelo con noi!<\/strong><\/p>","protected":false},"excerpt":{"rendered":"<p>Ben 4 mesi fa chiedevamo una cosa dovuta e utile: che anche l&#8217;Italia fosse presente nel registro INSPIRE. Non \u00e8 cambiato nulla e questo incomprensibile stallo non \u00e8 stato ancora superato. Ma c&#8217;\u00e8 una novit\u00e0 [&hellip;]<\/p>\n","protected":false},"author":3443,"featured_media":6091,"comment_status":"open","ping_status":"closed","sticky":false,"template":"","format":"standard","meta":{"site-sidebar-layout":"default","site-content-layout":"","ast-site-content-layout":"default","site-content-style":"default","site-sidebar-style":"default","ast-global-header-display":"","ast-banner-title-visibility":"","ast-main-header-display":"","ast-hfb-above-header-display":"","ast-hfb-below-header-display":"","ast-hfb-mobile-header-display":"","site-post-title":"","ast-breadcrumbs-content":"","ast-featured-img":"","footer-sml-layout":"","ast-disable-related-posts":"","theme-transparent-header-meta":"","adv-header-id-meta":"","stick-header-meta":"","header-above-stick-meta":"","header-main-stick-meta":"","header-below-stick-meta":"","astra-migrate-meta-layouts":"default","ast-page-background-enabled":"default","ast-page-background-meta":{"desktop":{"background-color":"var(--ast-global-color-4)","background-image":"","background-repeat":"repeat","background-position":"center center","background-size":"auto","background-attachment":"scroll","background-type":"","background-media":"","overlay-type":"","overlay-color":"","overlay-opacity":"","overlay-gradient":""},"tablet":{"background-color":"","background-image":"","background-repeat":"repeat","background-position":"center center","background-size":"auto","background-attachment":"scroll","background-type":"","background-media":"","overlay-type":"","overlay-color":"","overlay-opacity":"","overlay-gradient":""},"mobile":{"background-color":"","background-image":"","background-repeat":"repeat","background-position":"center center","background-size":"auto","background-attachment":"scroll","background-type":"","background-media":"","overlay-type":"","overlay-color":"","overlay-opacity":"","overlay-gradient":""}},"ast-content-background-meta":{"desktop":{"background-color":"var(--ast-global-color-5)","background-image":"","background-repeat":"repeat","background-position":"center center","background-size":"auto","background-attachment":"scroll","background-type":"","background-media":"","overlay-type":"","overlay-color":"","overlay-opacity":"","overlay-gradient":""},"tablet":{"background-color":"var(--ast-global-color-5)","background-image":"","background-repeat":"repeat","background-position":"center center","background-size":"auto","background-attachment":"scroll","background-type":"","background-media":"","overlay-type":"","overlay-color":"","overlay-opacity":"","overlay-gradient":""},"mobile":{"background-color":"var(--ast-global-color-5)","background-image":"","background-repeat":"repeat","background-position":"center center","background-size":"auto","background-attachment":"scroll","background-type":"","background-media":"","overlay-type":"","overlay-color":"","overlay-opacity":"","overlay-gradient":""}},"footnotes":""},"categories":[30],"tags":[],"class_list":["post-5689","post","type-post","status-publish","format-standard","has-post-thumbnail","hentry","category-opinioni"],"yoast_head":"<!-- This site is optimized with the Yoast SEO Premium plugin v21.1 (Yoast SEO v27.5) - https:\/\/yoast.com\/product\/yoast-seo-premium-wordpress\/ -->\n<title>VOGLIAMO ANCORA L&#039;ITALIA NEL REGISTRO INSPIRE - Stati Generali dell&#039;Innovazione<\/title>\n<meta name=\"robots\" content=\"index, follow, max-snippet:-1, max-image-preview:large, max-video-preview:-1\" \/>\n<link rel=\"canonical\" href=\"https:\/\/www.statigeneralinnovazione.it\/en\/vogliamo-litalia-nel-registro-inspire\/\" \/>\n<script type=\"application\/ld+json\" class=\"yoast-schema-graph\">{\"@context\":\"https:\\\/\\\/schema.org\",\"@graph\":[{\"@type\":\"Article\",\"@id\":\"https:\\\/\\\/www.statigeneralinnovazione.it\\\/vogliamo-litalia-nel-registro-inspire\\\/#article\",\"isPartOf\":{\"@id\":\"https:\\\/\\\/www.statigeneralinnovazione.it\\\/vogliamo-litalia-nel-registro-inspire\\\/\"},\"author\":{\"name\":\"Sergio Farruggia\",\"@id\":\"https:\\\/\\\/www.statigeneralinnovazione.it\\\/#\\\/schema\\\/person\\\/d3a89a206f7a6d2d8312e845695deecf\"},\"headline\":\"VOGLIAMO ANCORA L&#8217;ITALIA NEL REGISTRO INSPIRE\",\"datePublished\":\"2014-07-11T12:22:04+00:00\",\"dateModified\":\"2015-01-15T21:54:27+00:00\",\"mainEntityOfPage\":{\"@id\":\"https:\\\/\\\/www.statigeneralinnovazione.it\\\/vogliamo-litalia-nel-registro-inspire\\\/\"},\"wordCount\":196,\"commentCount\":0,\"publisher\":{\"@id\":\"https:\\\/\\\/www.statigeneralinnovazione.it\\\/#organization\"},\"image\":{\"@id\":\"https:\\\/\\\/www.statigeneralinnovazione.it\\\/vogliamo-litalia-nel-registro-inspire\\\/#primaryimage\"},\"thumbnailUrl\":\"https:\\\/\\\/www.statigeneralinnovazione.it\\\/wp-content\\\/uploads\\\/2015\\\/01\\\/Filler-SGI-1024x683.jpg\",\"articleSection\":[\"Opinioni\"],\"inLanguage\":\"en-GB\",\"potentialAction\":[{\"@type\":\"CommentAction\",\"name\":\"Comment\",\"target\":[\"https:\\\/\\\/www.statigeneralinnovazione.it\\\/vogliamo-litalia-nel-registro-inspire\\\/#respond\"]}]},{\"@type\":\"WebPage\",\"@id\":\"https:\\\/\\\/www.statigeneralinnovazione.it\\\/vogliamo-litalia-nel-registro-inspire\\\/\",\"url\":\"https:\\\/\\\/www.statigeneralinnovazione.it\\\/vogliamo-litalia-nel-registro-inspire\\\/\",\"name\":\"VOGLIAMO ANCORA L'ITALIA NEL REGISTRO INSPIRE - Stati Generali dell&#039;Innovazione\",\"isPartOf\":{\"@id\":\"https:\\\/\\\/www.statigeneralinnovazione.it\\\/#website\"},\"primaryImageOfPage\":{\"@id\":\"https:\\\/\\\/www.statigeneralinnovazione.it\\\/vogliamo-litalia-nel-registro-inspire\\\/#primaryimage\"},\"image\":{\"@id\":\"https:\\\/\\\/www.statigeneralinnovazione.it\\\/vogliamo-litalia-nel-registro-inspire\\\/#primaryimage\"},\"thumbnailUrl\":\"https:\\\/\\\/www.statigeneralinnovazione.it\\\/wp-content\\\/uploads\\\/2015\\\/01\\\/Filler-SGI-1024x683.jpg\",\"datePublished\":\"2014-07-11T12:22:04+00:00\",\"dateModified\":\"2015-01-15T21:54:27+00:00\",\"breadcrumb\":{\"@id\":\"https:\\\/\\\/www.statigeneralinnovazione.it\\\/vogliamo-litalia-nel-registro-inspire\\\/#breadcrumb\"},\"inLanguage\":\"en-GB\",\"potentialAction\":[{\"@type\":\"ReadAction\",\"target\":[\"https:\\\/\\\/www.statigeneralinnovazione.it\\\/vogliamo-litalia-nel-registro-inspire\\\/\"]}]},{\"@type\":\"ImageObject\",\"inLanguage\":\"en-GB\",\"@id\":\"https:\\\/\\\/www.statigeneralinnovazione.it\\\/vogliamo-litalia-nel-registro-inspire\\\/#primaryimage\",\"url\":\"https:\\\/\\\/www.statigeneralinnovazione.it\\\/wp-content\\\/uploads\\\/2015\\\/01\\\/Filler-SGI-1024x683.jpg\",\"contentUrl\":\"https:\\\/\\\/www.statigeneralinnovazione.it\\\/wp-content\\\/uploads\\\/2015\\\/01\\\/Filler-SGI-1024x683.jpg\",\"width\":1024,\"height\":683,\"caption\":\"Stati Generali delll'Innovazione\"},{\"@type\":\"BreadcrumbList\",\"@id\":\"https:\\\/\\\/www.statigeneralinnovazione.it\\\/vogliamo-litalia-nel-registro-inspire\\\/#breadcrumb\",\"itemListElement\":[{\"@type\":\"ListItem\",\"position\":1,\"name\":\"Home\",\"item\":\"https:\\\/\\\/www.statigeneralinnovazione.it\\\/\"},{\"@type\":\"ListItem\",\"position\":2,\"name\":\"Notizie\",\"item\":\"https:\\\/\\\/www.statigeneralinnovazione.it\\\/category\\\/notizie\\\/\"},{\"@type\":\"ListItem\",\"position\":3,\"name\":\"Opinioni\",\"item\":\"https:\\\/\\\/www.statigeneralinnovazione.it\\\/category\\\/notizie\\\/opinioni\\\/\"},{\"@type\":\"ListItem\",\"position\":4,\"name\":\"VOGLIAMO ANCORA L&#8217;ITALIA NEL REGISTRO INSPIRE\"}]},{\"@type\":\"WebSite\",\"@id\":\"https:\\\/\\\/www.statigeneralinnovazione.it\\\/#website\",\"url\":\"https:\\\/\\\/www.statigeneralinnovazione.it\\\/\",\"name\":\"Stati Generali dell&#039;Innovazione\",\"description\":\"Insieme per innovare\",\"publisher\":{\"@id\":\"https:\\\/\\\/www.statigeneralinnovazione.it\\\/#organization\"},\"potentialAction\":[{\"@type\":\"SearchAction\",\"target\":{\"@type\":\"EntryPoint\",\"urlTemplate\":\"https:\\\/\\\/www.statigeneralinnovazione.it\\\/?s={search_term_string}\"},\"query-input\":{\"@type\":\"PropertyValueSpecification\",\"valueRequired\":true,\"valueName\":\"search_term_string\"}}],\"inLanguage\":\"en-GB\"},{\"@type\":\"Organization\",\"@id\":\"https:\\\/\\\/www.statigeneralinnovazione.it\\\/#organization\",\"name\":\"Stati Generali dell&#039;Innovazione\",\"url\":\"https:\\\/\\\/www.statigeneralinnovazione.it\\\/\",\"logo\":{\"@type\":\"ImageObject\",\"inLanguage\":\"en-GB\",\"@id\":\"https:\\\/\\\/www.statigeneralinnovazione.it\\\/#\\\/schema\\\/logo\\\/image\\\/\",\"url\":\"https:\\\/\\\/www.statigeneralinnovazione.it\\\/wp-content\\\/uploads\\\/2016\\\/10\\\/logo_sgi_retina_544x180.png\",\"contentUrl\":\"https:\\\/\\\/www.statigeneralinnovazione.it\\\/wp-content\\\/uploads\\\/2016\\\/10\\\/logo_sgi_retina_544x180.png\",\"width\":544,\"height\":180,\"caption\":\"Stati Generali dell&#039;Innovazione\"},\"image\":{\"@id\":\"https:\\\/\\\/www.statigeneralinnovazione.it\\\/#\\\/schema\\\/logo\\\/image\\\/\"}},{\"@type\":\"Person\",\"@id\":\"https:\\\/\\\/www.statigeneralinnovazione.it\\\/#\\\/schema\\\/person\\\/d3a89a206f7a6d2d8312e845695deecf\",\"name\":\"Sergio Farruggia\",\"image\":{\"@type\":\"ImageObject\",\"inLanguage\":\"en-GB\",\"@id\":\"https:\\\/\\\/secure.gravatar.com\\\/avatar\\\/bcbd23253c525eff3c812cd9c8be88c6cfd1119d9cb033010bf8fa7969c4299a?s=96&r=g\",\"url\":\"https:\\\/\\\/secure.gravatar.com\\\/avatar\\\/bcbd23253c525eff3c812cd9c8be88c6cfd1119d9cb033010bf8fa7969c4299a?s=96&r=g\",\"contentUrl\":\"https:\\\/\\\/secure.gravatar.com\\\/avatar\\\/bcbd23253c525eff3c812cd9c8be88c6cfd1119d9cb033010bf8fa7969c4299a?s=96&r=g\",\"caption\":\"Sergio Farruggia\"},\"description\":\"Laureato in Fisica, collaboro a progetti nazionali ed europei riguardanti la Geographic Information. Le implicazioni tecnico-organizzative e sociali connesse all\u2019impiego di dati e tecnologie geospaziali entro la trasformazione digitale e le strategie green, lo sviluppo di appropriate competenze geo-digitali sono i principali campi di interesse. Contribuisco alla progettazione di corsi e svolgo attivit\u00e0 di formazione e informazione.\",\"url\":\"https:\\\/\\\/www.statigeneralinnovazione.it\\\/en\\\/author\\\/sergio-farruggiafastwebnet-it\\\/\"}]}<\/script>\n<!-- \/ Yoast SEO Premium plugin. -->","yoast_head_json":{"title":"VOGLIAMO ANCORA L'ITALIA NEL REGISTRO INSPIRE - Stati Generali dell&#039;Innovazione","robots":{"index":"index","follow":"follow","max-snippet":"max-snippet:-1","max-image-preview":"max-image-preview:large","max-video-preview":"max-video-preview:-1"},"canonical":"https:\/\/www.statigeneralinnovazione.it\/en\/vogliamo-litalia-nel-registro-inspire\/","schema":{"@context":"https:\/\/schema.org","@graph":[{"@type":"Article","@id":"https:\/\/www.statigeneralinnovazione.it\/vogliamo-litalia-nel-registro-inspire\/#article","isPartOf":{"@id":"https:\/\/www.statigeneralinnovazione.it\/vogliamo-litalia-nel-registro-inspire\/"},"author":{"name":"Sergio Farruggia","@id":"https:\/\/www.statigeneralinnovazione.it\/#\/schema\/person\/d3a89a206f7a6d2d8312e845695deecf"},"headline":"VOGLIAMO ANCORA L&#8217;ITALIA NEL REGISTRO INSPIRE","datePublished":"2014-07-11T12:22:04+00:00","dateModified":"2015-01-15T21:54:27+00:00","mainEntityOfPage":{"@id":"https:\/\/www.statigeneralinnovazione.it\/vogliamo-litalia-nel-registro-inspire\/"},"wordCount":196,"commentCount":0,"publisher":{"@id":"https:\/\/www.statigeneralinnovazione.it\/#organization"},"image":{"@id":"https:\/\/www.statigeneralinnovazione.it\/vogliamo-litalia-nel-registro-inspire\/#primaryimage"},"thumbnailUrl":"https:\/\/www.statigeneralinnovazione.it\/wp-content\/uploads\/2015\/01\/Filler-SGI-1024x683.jpg","articleSection":["Opinioni"],"inLanguage":"en-GB","potentialAction":[{"@type":"CommentAction","name":"Comment","target":["https:\/\/www.statigeneralinnovazione.it\/vogliamo-litalia-nel-registro-inspire\/#respond"]}]},{"@type":"WebPage","@id":"https:\/\/www.statigeneralinnovazione.it\/vogliamo-litalia-nel-registro-inspire\/","url":"https:\/\/www.statigeneralinnovazione.it\/vogliamo-litalia-nel-registro-inspire\/","name":"VOGLIAMO ANCORA L'ITALIA NEL REGISTRO INSPIRE - Stati Generali dell&#039;Innovazione","isPartOf":{"@id":"https:\/\/www.statigeneralinnovazione.it\/#website"},"primaryImageOfPage":{"@id":"https:\/\/www.statigeneralinnovazione.it\/vogliamo-litalia-nel-registro-inspire\/#primaryimage"},"image":{"@id":"https:\/\/www.statigeneralinnovazione.it\/vogliamo-litalia-nel-registro-inspire\/#primaryimage"},"thumbnailUrl":"https:\/\/www.statigeneralinnovazione.it\/wp-content\/uploads\/2015\/01\/Filler-SGI-1024x683.jpg","datePublished":"2014-07-11T12:22:04+00:00","dateModified":"2015-01-15T21:54:27+00:00","breadcrumb":{"@id":"https:\/\/www.statigeneralinnovazione.it\/vogliamo-litalia-nel-registro-inspire\/#breadcrumb"},"inLanguage":"en-GB","potentialAction":[{"@type":"ReadAction","target":["https:\/\/www.statigeneralinnovazione.it\/vogliamo-litalia-nel-registro-inspire\/"]}]},{"@type":"ImageObject","inLanguage":"en-GB","@id":"https:\/\/www.statigeneralinnovazione.it\/vogliamo-litalia-nel-registro-inspire\/#primaryimage","url":"https:\/\/www.statigeneralinnovazione.it\/wp-content\/uploads\/2015\/01\/Filler-SGI-1024x683.jpg","contentUrl":"https:\/\/www.statigeneralinnovazione.it\/wp-content\/uploads\/2015\/01\/Filler-SGI-1024x683.jpg","width":1024,"height":683,"caption":"Stati Generali delll'Innovazione"},{"@type":"BreadcrumbList","@id":"https:\/\/www.statigeneralinnovazione.it\/vogliamo-litalia-nel-registro-inspire\/#breadcrumb","itemListElement":[{"@type":"ListItem","position":1,"name":"Home","item":"https:\/\/www.statigeneralinnovazione.it\/"},{"@type":"ListItem","position":2,"name":"Notizie","item":"https:\/\/www.statigeneralinnovazione.it\/category\/notizie\/"},{"@type":"ListItem","position":3,"name":"Opinioni","item":"https:\/\/www.statigeneralinnovazione.it\/category\/notizie\/opinioni\/"},{"@type":"ListItem","position":4,"name":"VOGLIAMO ANCORA L&#8217;ITALIA NEL REGISTRO INSPIRE"}]},{"@type":"WebSite","@id":"https:\/\/www.statigeneralinnovazione.it\/#website","url":"https:\/\/www.statigeneralinnovazione.it\/","name":"States General of Innovation","description":"Together to innovate","publisher":{"@id":"https:\/\/www.statigeneralinnovazione.it\/#organization"},"potentialAction":[{"@type":"SearchAction","target":{"@type":"EntryPoint","urlTemplate":"https:\/\/www.statigeneralinnovazione.it\/?s={search_term_string}"},"query-input":{"@type":"PropertyValueSpecification","valueRequired":true,"valueName":"search_term_string"}}],"inLanguage":"en-GB"},{"@type":"Organization","@id":"https:\/\/www.statigeneralinnovazione.it\/#organization","name":"States General of Innovation","url":"https:\/\/www.statigeneralinnovazione.it\/","logo":{"@type":"ImageObject","inLanguage":"en-GB","@id":"https:\/\/www.statigeneralinnovazione.it\/#\/schema\/logo\/image\/","url":"https:\/\/www.statigeneralinnovazione.it\/wp-content\/uploads\/2016\/10\/logo_sgi_retina_544x180.png","contentUrl":"https:\/\/www.statigeneralinnovazione.it\/wp-content\/uploads\/2016\/10\/logo_sgi_retina_544x180.png","width":544,"height":180,"caption":"Stati Generali dell&#039;Innovazione"},"image":{"@id":"https:\/\/www.statigeneralinnovazione.it\/#\/schema\/logo\/image\/"}},{"@type":"Person","@id":"https:\/\/www.statigeneralinnovazione.it\/#\/schema\/person\/d3a89a206f7a6d2d8312e845695deecf","name":"Sergio Farruggia","image":{"@type":"ImageObject","inLanguage":"en-GB","@id":"https:\/\/secure.gravatar.com\/avatar\/bcbd23253c525eff3c812cd9c8be88c6cfd1119d9cb033010bf8fa7969c4299a?s=96&r=g","url":"https:\/\/secure.gravatar.com\/avatar\/bcbd23253c525eff3c812cd9c8be88c6cfd1119d9cb033010bf8fa7969c4299a?s=96&r=g","contentUrl":"https:\/\/secure.gravatar.com\/avatar\/bcbd23253c525eff3c812cd9c8be88c6cfd1119d9cb033010bf8fa7969c4299a?s=96&r=g","caption":"Sergio Farruggia"},"description":"Graduated in Physics, I collaborate on national and European projects concerning Geographic Information. The technical-organizational and social implications related to the use of geospatial data and technologies within the digital transformation and green strategies, the development of appropriate geo-digital skills are the main fields of interest. I contribute to the planning of courses and I carry out training and information activities.","url":"https:\/\/www.statigeneralinnovazione.it\/en\/author\/sergio-farruggiafastwebnet-it\/"}]}},"_links":{"self":[{"href":"https:\/\/www.statigeneralinnovazione.it\/en\/wp-json\/wp\/v2\/posts\/5689","targetHints":{"allow":["GET"]}}],"collection":[{"href":"https:\/\/www.statigeneralinnovazione.it\/en\/wp-json\/wp\/v2\/posts"}],"about":[{"href":"https:\/\/www.statigeneralinnovazione.it\/en\/wp-json\/wp\/v2\/types\/post"}],"author":[{"embeddable":true,"href":"https:\/\/www.statigeneralinnovazione.it\/en\/wp-json\/wp\/v2\/users\/3443"}],"replies":[{"embeddable":true,"href":"https:\/\/www.statigeneralinnovazione.it\/en\/wp-json\/wp\/v2\/comments?post=5689"}],"version-history":[{"count":0,"href":"https:\/\/www.statigeneralinnovazione.it\/en\/wp-json\/wp\/v2\/posts\/5689\/revisions"}],"wp:featuredmedia":[{"embeddable":true,"href":"https:\/\/www.statigeneralinnovazione.it\/en\/wp-json\/wp\/v2\/media\/6091"}],"wp:attachment":[{"href":"https:\/\/www.statigeneralinnovazione.it\/en\/wp-json\/wp\/v2\/media?parent=5689"}],"wp:term":[{"taxonomy":"category","embeddable":true,"href":"https:\/\/www.statigeneralinnovazione.it\/en\/wp-json\/wp\/v2\/categories?post=5689"},{"taxonomy":"post_tag","embeddable":true,"href":"https:\/\/www.statigeneralinnovazione.it\/en\/wp-json\/wp\/v2\/tags?post=5689"}],"curies":[{"name":"wp","href":"https:\/\/api.w.org\/{rel}","templated":true}]}}