{"id":4951,"date":"2013-09-08T23:11:03","date_gmt":"2013-09-08T21:11:03","guid":{"rendered":"https:\/\/www.statigeneralinnovazione.it\/?p=4951"},"modified":"2013-10-22T17:50:59","modified_gmt":"2013-10-22T15:50:59","slug":"bolzano-festival-dellinnovazione-26-28-settembre-2013","status":"publish","type":"post","link":"https:\/\/www.statigeneralinnovazione.it\/en\/bolzano-festival-dellinnovazione-26-28-settembre-2013\/","title":{"rendered":"Bolzano \u2013 Innovation Festival 26-28 September 2013"},"content":{"rendered":"<h3>Open Talk su: &#8221; Smart communities &amp; Open Geo Data&#8221;<\/h3>\n<h5>Venerd\u00ec 27 settembre, ore 14 \u2013 16, Academy Cassa di Risparmio &#8211; via Cassa di Risparmio 16<\/h5>\n<p>L\u2019apertura di dati geografici permette nuove attivit\u00e0 di business e servizi nei settori della mobilit\u00e0 e dell\u2019ambiente ma anche del turismo e altri ancora.<\/p>\n<p>Questo workshop, organizzato da <strong>TIS Innovation Park<\/strong> con la collaborazione di <strong>Stati Generali dell\u2019Innovzione<\/strong>, intende proseguire l\u2019esperienza vissuta a Bologna, in occasione del convegno \u201c<a title=\"Incontro Bologna 2012\" href=\"https:\/\/www.statigeneralinnovazione.it\/en\/progetti\/2012-2\/diritti-digitali-e-dati-aperti-le-basi-per-citta-e-comunita-smart\/\" target=\"_blank\">Diritti digitali e dati aperti: le basi per Citt\u00e0 e Comunit\u00e0 smart\u201d nel luglio 2012<\/a>.<\/p>\n<p>Dopo una breve introduzione i relatori e i partecipanti del Festival contribuiranno (modalit\u00e0 <a title=\"Open Talk\" href=\"http:\/\/it.wikipedia.org\/wiki\/Open_talk\" target=\"_blank\"><em>Open Talk<\/em><\/a>) <strong>a mettere le basi per le prossime strategie della Provincia di Bolzano in questo settore<\/strong>.<\/p>\n<p>I contenuti raccolti consentiranno anche di arricchire la documentazione su applicazioni, esperienze, proposte e idee sul tema, che verr\u00e0 raccolta e utilizzata per la preparazione dei successivi appuntamenti pubblici della <em>geographic information<\/em>: OSMIT 2013 (Rovereto, 4-6 ottobre), GFOSSDAY (Bologna, 10-11 ottobre),\u00a0Conferenza ASITA (Riva del Garda, 5-7 novembre) e altri eventi \u00a0in fase di preparazione.<\/p>\n<p>Com\u2019\u00e8 ormai consuetudine, \u00e8 stata pubblicata una proposta di <em>Position paper<\/em>, disponibile sul <a title=\"Position paper\" href=\"https:\/\/www.statigeneralinnovazione.it\/wiki\/index.php?title=Attivit%C3%A0:Eventi:Bolzano_2013\" target=\"_blank\"><em>wiki<\/em><\/a> del sito dell\u2019associazione, da utilizzare come spunto iniziale per la discussione. La stesura del testo \u00e8 da considerarsi <em>in progress<\/em> per tutto il periodo che ci separa dall&#8217;<strong>incontro pubblico<\/strong>. La versione finale verr\u00e0 acquisita dai partecipanti e assunta come traccia per orientare i lavori. Chiunque pu\u00f2 quindi apportare il proprio contributo, promuovendo cos\u00ec lo scambio collaborativo e l&#8217;implementazione continua di tesi e buone pratiche.<\/p>\n<p>Al termine dell&#8217;<em>Open Talk<\/em>\u00a0 prender\u00e0 il via il\u00a0 <em>walk show<\/em> &#8220;<strong>Piedi per terra e testa nel cloud<\/strong>&#8221; a cura di <strong><em>urban experience<\/em><\/strong>, conversazione nomade, con ascolti via radio e smartphone, per estendere il dibattito in coda all&#8217;incontro su Smart communities &amp;<br \/>\nOpen Geo Data in giro per la citt\u00e0 di Bolzano.<br \/>\nPrenotazioni per 30 radio-cuffie.<\/p>\n<p>Per partecipare all\u2019evento \u00e8 sufficiente <strong>signing in<\/strong> <a title=\"Modulo Registrazione\" href=\"https:\/\/www.statigeneralinnovazione.it\/en\/progetti\/2013-2\/registrazione\/\" target=\"_blank\">by filling in the relevant form<\/a>.<\/p>\n<p><em>L\u2019iniziativa ha il patrocinio della Federazione delle Associazioni Scientifiche per le Informazioni Territoriali e Ambientali (ASITA)<\/em><\/p>\n<p><strong>PLAN<\/strong><\/p>\n<p><strong>13:00 \u2013 14:00 Registrazione partecipanti<\/strong><\/p>\n<p><strong>14:00 \u2013 14:15 Presentazione dell\u2019evento e Introduzione al tema dell\u2019Open Talk<\/strong><\/p>\n<p style=\"padding-left: 30px;\"><strong>Moderatore:<\/strong> Sergio Farruggia, Stati Generali dell\u2019Innovazione<\/p>\n<p style=\"padding-left: 30px;\"><strong>Relatore:<\/strong> Maurizio Napolitano, tecnologo Fondazione Bruno Kessler<\/p>\n<p><strong>\u00a014:15 \u2013 15:45 Open talk<\/strong><\/p>\n<p>Hanno gi\u00e0 confermato la partecipazione:<\/p>\n<p>Charles Infante, <a title=\"Urbanexperience\" href=\"http:\/\/www.urbanexperience.it\/\" target=\"_blank\"><em>UrbanExperience<\/em><\/a> &#8211; Scrivere storie nelle geografie. il geoblogging come opportunit\u00e0 ludico-partecipativa<\/p>\n<p>Giuseppe Conti, <em><a title=\"Trilogis \" href=\"http:\/\/www.trilogis.it\/\" target=\"_blank\">TRILOGIS<\/a><\/em> &#8211; Ruolo degli Open Data per Location Based Services in contesti indoor e outdoor; opportunit\u00e0 per le PMI<\/p>\n<p><strong>\u00a015:45 -16:00 Conclusioni<\/strong><\/p>\n<p><strong>\u00a016:15 Walk Show &#8220;Piedi per terra e testa nel cloud&#8221;,\u00a0 a cura di <em>urban experience<\/em><\/strong><\/p>\n<p>&nbsp;<\/p>","protected":false},"excerpt":{"rendered":"<p>Open Talk su: &#8221; Smart communities &amp; Open Geo Data&#8221; Venerd\u00ec 27 settembre, ore 14 \u2013 16, Academy Cassa di Risparmio &#8211; via Cassa di Risparmio 16 L\u2019apertura di dati geografici permette nuove attivit\u00e0 di [&hellip;]<\/p>\n","protected":false},"author":3443,"featured_media":0,"comment_status":"open","ping_status":"closed","sticky":false,"template":"","format":"standard","meta":{"site-sidebar-layout":"default","site-content-layout":"","ast-site-content-layout":"default","site-content-style":"default","site-sidebar-style":"default","ast-global-header-display":"","ast-banner-title-visibility":"","ast-main-header-display":"","ast-hfb-above-header-display":"","ast-hfb-below-header-display":"","ast-hfb-mobile-header-display":"","site-post-title":"","ast-breadcrumbs-content":"","ast-featured-img":"","footer-sml-layout":"","ast-disable-related-posts":"","theme-transparent-header-meta":"","adv-header-id-meta":"","stick-header-meta":"","header-above-stick-meta":"","header-main-stick-meta":"","header-below-stick-meta":"","astra-migrate-meta-layouts":"default","ast-page-background-enabled":"default","ast-page-background-meta":{"desktop":{"background-color":"var(--ast-global-color-4)","background-image":"","background-repeat":"repeat","background-position":"center center","background-size":"auto","background-attachment":"scroll","background-type":"","background-media":"","overlay-type":"","overlay-color":"","overlay-opacity":"","overlay-gradient":""},"tablet":{"background-color":"","background-image":"","background-repeat":"repeat","background-position":"center center","background-size":"auto","background-attachment":"scroll","background-type":"","background-media":"","overlay-type":"","overlay-color":"","overlay-opacity":"","overlay-gradient":""},"mobile":{"background-color":"","background-image":"","background-repeat":"repeat","background-position":"center center","background-size":"auto","background-attachment":"scroll","background-type":"","background-media":"","overlay-type":"","overlay-color":"","overlay-opacity":"","overlay-gradient":""}},"ast-content-background-meta":{"desktop":{"background-color":"var(--ast-global-color-5)","background-image":"","background-repeat":"repeat","background-position":"center center","background-size":"auto","background-attachment":"scroll","background-type":"","background-media":"","overlay-type":"","overlay-color":"","overlay-opacity":"","overlay-gradient":""},"tablet":{"background-color":"var(--ast-global-color-5)","background-image":"","background-repeat":"repeat","background-position":"center center","background-size":"auto","background-attachment":"scroll","background-type":"","background-media":"","overlay-type":"","overlay-color":"","overlay-opacity":"","overlay-gradient":""},"mobile":{"background-color":"var(--ast-global-color-5)","background-image":"","background-repeat":"repeat","background-position":"center center","background-size":"auto","background-attachment":"scroll","background-type":"","background-media":"","overlay-type":"","overlay-color":"","overlay-opacity":"","overlay-gradient":""}},"footnotes":""},"categories":[99],"tags":[150,142,157,147],"class_list":["post-4951","post","type-post","status-publish","format-standard","hentry","category-eventi","tag-bolzano","tag-opendata","tag-opengeodata","tag-opentalk"],"yoast_head":"<!-- This site is optimized with the Yoast SEO Premium plugin v21.1 (Yoast SEO v27.5) - https:\/\/yoast.com\/product\/yoast-seo-premium-wordpress\/ -->\n<title>Bolzano \u2013 Festival dell\u2019Innovazione 26-28 settembre 2013 - Stati Generali dell&#039;Innovazione<\/title>\n<meta name=\"robots\" content=\"index, follow, max-snippet:-1, max-image-preview:large, max-video-preview:-1\" \/>\n<link rel=\"canonical\" href=\"https:\/\/www.statigeneralinnovazione.it\/en\/bolzano-festival-dellinnovazione-26-28-settembre-2013\/\" \/>\n<script type=\"application\/ld+json\" class=\"yoast-schema-graph\">{\"@context\":\"https:\\\/\\\/schema.org\",\"@graph\":[{\"@type\":\"Article\",\"@id\":\"https:\\\/\\\/www.statigeneralinnovazione.it\\\/bolzano-festival-dellinnovazione-26-28-settembre-2013\\\/#article\",\"isPartOf\":{\"@id\":\"https:\\\/\\\/www.statigeneralinnovazione.it\\\/bolzano-festival-dellinnovazione-26-28-settembre-2013\\\/\"},\"author\":{\"name\":\"Sergio Farruggia\",\"@id\":\"https:\\\/\\\/www.statigeneralinnovazione.it\\\/#\\\/schema\\\/person\\\/d3a89a206f7a6d2d8312e845695deecf\"},\"headline\":\"Bolzano \u2013 Festival dell\u2019Innovazione 26-28 settembre 2013\",\"datePublished\":\"2013-09-08T21:11:03+00:00\",\"dateModified\":\"2013-10-22T15:50:59+00:00\",\"mainEntityOfPage\":{\"@id\":\"https:\\\/\\\/www.statigeneralinnovazione.it\\\/bolzano-festival-dellinnovazione-26-28-settembre-2013\\\/\"},\"wordCount\":424,\"commentCount\":1,\"publisher\":{\"@id\":\"https:\\\/\\\/www.statigeneralinnovazione.it\\\/#organization\"},\"keywords\":[\"Bolzano\",\"OpenData\",\"OpenGeoData\",\"OpenTalk\"],\"articleSection\":[\"Eventi\"],\"inLanguage\":\"en-GB\",\"potentialAction\":[{\"@type\":\"CommentAction\",\"name\":\"Comment\",\"target\":[\"https:\\\/\\\/www.statigeneralinnovazione.it\\\/bolzano-festival-dellinnovazione-26-28-settembre-2013\\\/#respond\"]}]},{\"@type\":\"WebPage\",\"@id\":\"https:\\\/\\\/www.statigeneralinnovazione.it\\\/bolzano-festival-dellinnovazione-26-28-settembre-2013\\\/\",\"url\":\"https:\\\/\\\/www.statigeneralinnovazione.it\\\/bolzano-festival-dellinnovazione-26-28-settembre-2013\\\/\",\"name\":\"Bolzano \u2013 Festival dell\u2019Innovazione 26-28 settembre 2013 - Stati Generali dell&#039;Innovazione\",\"isPartOf\":{\"@id\":\"https:\\\/\\\/www.statigeneralinnovazione.it\\\/#website\"},\"datePublished\":\"2013-09-08T21:11:03+00:00\",\"dateModified\":\"2013-10-22T15:50:59+00:00\",\"breadcrumb\":{\"@id\":\"https:\\\/\\\/www.statigeneralinnovazione.it\\\/bolzano-festival-dellinnovazione-26-28-settembre-2013\\\/#breadcrumb\"},\"inLanguage\":\"en-GB\",\"potentialAction\":[{\"@type\":\"ReadAction\",\"target\":[\"https:\\\/\\\/www.statigeneralinnovazione.it\\\/bolzano-festival-dellinnovazione-26-28-settembre-2013\\\/\"]}]},{\"@type\":\"BreadcrumbList\",\"@id\":\"https:\\\/\\\/www.statigeneralinnovazione.it\\\/bolzano-festival-dellinnovazione-26-28-settembre-2013\\\/#breadcrumb\",\"itemListElement\":[{\"@type\":\"ListItem\",\"position\":1,\"name\":\"Home\",\"item\":\"https:\\\/\\\/www.statigeneralinnovazione.it\\\/\"},{\"@type\":\"ListItem\",\"position\":2,\"name\":\"Notizie\",\"item\":\"https:\\\/\\\/www.statigeneralinnovazione.it\\\/category\\\/notizie\\\/\"},{\"@type\":\"ListItem\",\"position\":3,\"name\":\"Eventi\",\"item\":\"https:\\\/\\\/www.statigeneralinnovazione.it\\\/category\\\/notizie\\\/eventi\\\/\"},{\"@type\":\"ListItem\",\"position\":4,\"name\":\"Bolzano \u2013 Festival dell\u2019Innovazione 26-28 settembre 2013\"}]},{\"@type\":\"WebSite\",\"@id\":\"https:\\\/\\\/www.statigeneralinnovazione.it\\\/#website\",\"url\":\"https:\\\/\\\/www.statigeneralinnovazione.it\\\/\",\"name\":\"Stati Generali dell&#039;Innovazione\",\"description\":\"Insieme per innovare\",\"publisher\":{\"@id\":\"https:\\\/\\\/www.statigeneralinnovazione.it\\\/#organization\"},\"potentialAction\":[{\"@type\":\"SearchAction\",\"target\":{\"@type\":\"EntryPoint\",\"urlTemplate\":\"https:\\\/\\\/www.statigeneralinnovazione.it\\\/?s={search_term_string}\"},\"query-input\":{\"@type\":\"PropertyValueSpecification\",\"valueRequired\":true,\"valueName\":\"search_term_string\"}}],\"inLanguage\":\"en-GB\"},{\"@type\":\"Organization\",\"@id\":\"https:\\\/\\\/www.statigeneralinnovazione.it\\\/#organization\",\"name\":\"Stati Generali dell&#039;Innovazione\",\"url\":\"https:\\\/\\\/www.statigeneralinnovazione.it\\\/\",\"logo\":{\"@type\":\"ImageObject\",\"inLanguage\":\"en-GB\",\"@id\":\"https:\\\/\\\/www.statigeneralinnovazione.it\\\/#\\\/schema\\\/logo\\\/image\\\/\",\"url\":\"https:\\\/\\\/www.statigeneralinnovazione.it\\\/wp-content\\\/uploads\\\/2016\\\/10\\\/logo_sgi_retina_544x180.png\",\"contentUrl\":\"https:\\\/\\\/www.statigeneralinnovazione.it\\\/wp-content\\\/uploads\\\/2016\\\/10\\\/logo_sgi_retina_544x180.png\",\"width\":544,\"height\":180,\"caption\":\"Stati Generali dell&#039;Innovazione\"},\"image\":{\"@id\":\"https:\\\/\\\/www.statigeneralinnovazione.it\\\/#\\\/schema\\\/logo\\\/image\\\/\"}},{\"@type\":\"Person\",\"@id\":\"https:\\\/\\\/www.statigeneralinnovazione.it\\\/#\\\/schema\\\/person\\\/d3a89a206f7a6d2d8312e845695deecf\",\"name\":\"Sergio Farruggia\",\"image\":{\"@type\":\"ImageObject\",\"inLanguage\":\"en-GB\",\"@id\":\"https:\\\/\\\/secure.gravatar.com\\\/avatar\\\/bcbd23253c525eff3c812cd9c8be88c6cfd1119d9cb033010bf8fa7969c4299a?s=96&r=g\",\"url\":\"https:\\\/\\\/secure.gravatar.com\\\/avatar\\\/bcbd23253c525eff3c812cd9c8be88c6cfd1119d9cb033010bf8fa7969c4299a?s=96&r=g\",\"contentUrl\":\"https:\\\/\\\/secure.gravatar.com\\\/avatar\\\/bcbd23253c525eff3c812cd9c8be88c6cfd1119d9cb033010bf8fa7969c4299a?s=96&r=g\",\"caption\":\"Sergio Farruggia\"},\"description\":\"Laureato in Fisica, collaboro a progetti nazionali ed europei riguardanti la Geographic Information. Le implicazioni tecnico-organizzative e sociali connesse all\u2019impiego di dati e tecnologie geospaziali entro la trasformazione digitale e le strategie green, lo sviluppo di appropriate competenze geo-digitali sono i principali campi di interesse. Contribuisco alla progettazione di corsi e svolgo attivit\u00e0 di formazione e informazione.\",\"url\":\"https:\\\/\\\/www.statigeneralinnovazione.it\\\/en\\\/author\\\/sergio-farruggiafastwebnet-it\\\/\"}]}<\/script>\n<!-- \/ Yoast SEO Premium plugin. -->","yoast_head_json":{"title":"Bolzano \u2013 Festival dell\u2019Innovazione 26-28 settembre 2013 - Stati Generali dell&#039;Innovazione","robots":{"index":"index","follow":"follow","max-snippet":"max-snippet:-1","max-image-preview":"max-image-preview:large","max-video-preview":"max-video-preview:-1"},"canonical":"https:\/\/www.statigeneralinnovazione.it\/en\/bolzano-festival-dellinnovazione-26-28-settembre-2013\/","schema":{"@context":"https:\/\/schema.org","@graph":[{"@type":"Article","@id":"https:\/\/www.statigeneralinnovazione.it\/bolzano-festival-dellinnovazione-26-28-settembre-2013\/#article","isPartOf":{"@id":"https:\/\/www.statigeneralinnovazione.it\/bolzano-festival-dellinnovazione-26-28-settembre-2013\/"},"author":{"name":"Sergio Farruggia","@id":"https:\/\/www.statigeneralinnovazione.it\/#\/schema\/person\/d3a89a206f7a6d2d8312e845695deecf"},"headline":"Bolzano \u2013 Festival dell\u2019Innovazione 26-28 settembre 2013","datePublished":"2013-09-08T21:11:03+00:00","dateModified":"2013-10-22T15:50:59+00:00","mainEntityOfPage":{"@id":"https:\/\/www.statigeneralinnovazione.it\/bolzano-festival-dellinnovazione-26-28-settembre-2013\/"},"wordCount":424,"commentCount":1,"publisher":{"@id":"https:\/\/www.statigeneralinnovazione.it\/#organization"},"keywords":["Bolzano","OpenData","OpenGeoData","OpenTalk"],"articleSection":["Eventi"],"inLanguage":"en-GB","potentialAction":[{"@type":"CommentAction","name":"Comment","target":["https:\/\/www.statigeneralinnovazione.it\/bolzano-festival-dellinnovazione-26-28-settembre-2013\/#respond"]}]},{"@type":"WebPage","@id":"https:\/\/www.statigeneralinnovazione.it\/bolzano-festival-dellinnovazione-26-28-settembre-2013\/","url":"https:\/\/www.statigeneralinnovazione.it\/bolzano-festival-dellinnovazione-26-28-settembre-2013\/","name":"Bolzano \u2013 Festival dell\u2019Innovazione 26-28 settembre 2013 - Stati Generali dell&#039;Innovazione","isPartOf":{"@id":"https:\/\/www.statigeneralinnovazione.it\/#website"},"datePublished":"2013-09-08T21:11:03+00:00","dateModified":"2013-10-22T15:50:59+00:00","breadcrumb":{"@id":"https:\/\/www.statigeneralinnovazione.it\/bolzano-festival-dellinnovazione-26-28-settembre-2013\/#breadcrumb"},"inLanguage":"en-GB","potentialAction":[{"@type":"ReadAction","target":["https:\/\/www.statigeneralinnovazione.it\/bolzano-festival-dellinnovazione-26-28-settembre-2013\/"]}]},{"@type":"BreadcrumbList","@id":"https:\/\/www.statigeneralinnovazione.it\/bolzano-festival-dellinnovazione-26-28-settembre-2013\/#breadcrumb","itemListElement":[{"@type":"ListItem","position":1,"name":"Home","item":"https:\/\/www.statigeneralinnovazione.it\/"},{"@type":"ListItem","position":2,"name":"Notizie","item":"https:\/\/www.statigeneralinnovazione.it\/category\/notizie\/"},{"@type":"ListItem","position":3,"name":"Eventi","item":"https:\/\/www.statigeneralinnovazione.it\/category\/notizie\/eventi\/"},{"@type":"ListItem","position":4,"name":"Bolzano \u2013 Festival dell\u2019Innovazione 26-28 settembre 2013"}]},{"@type":"WebSite","@id":"https:\/\/www.statigeneralinnovazione.it\/#website","url":"https:\/\/www.statigeneralinnovazione.it\/","name":"States General of Innovation","description":"Together to innovate","publisher":{"@id":"https:\/\/www.statigeneralinnovazione.it\/#organization"},"potentialAction":[{"@type":"SearchAction","target":{"@type":"EntryPoint","urlTemplate":"https:\/\/www.statigeneralinnovazione.it\/?s={search_term_string}"},"query-input":{"@type":"PropertyValueSpecification","valueRequired":true,"valueName":"search_term_string"}}],"inLanguage":"en-GB"},{"@type":"Organization","@id":"https:\/\/www.statigeneralinnovazione.it\/#organization","name":"States General of Innovation","url":"https:\/\/www.statigeneralinnovazione.it\/","logo":{"@type":"ImageObject","inLanguage":"en-GB","@id":"https:\/\/www.statigeneralinnovazione.it\/#\/schema\/logo\/image\/","url":"https:\/\/www.statigeneralinnovazione.it\/wp-content\/uploads\/2016\/10\/logo_sgi_retina_544x180.png","contentUrl":"https:\/\/www.statigeneralinnovazione.it\/wp-content\/uploads\/2016\/10\/logo_sgi_retina_544x180.png","width":544,"height":180,"caption":"Stati Generali dell&#039;Innovazione"},"image":{"@id":"https:\/\/www.statigeneralinnovazione.it\/#\/schema\/logo\/image\/"}},{"@type":"Person","@id":"https:\/\/www.statigeneralinnovazione.it\/#\/schema\/person\/d3a89a206f7a6d2d8312e845695deecf","name":"Sergio Farruggia","image":{"@type":"ImageObject","inLanguage":"en-GB","@id":"https:\/\/secure.gravatar.com\/avatar\/bcbd23253c525eff3c812cd9c8be88c6cfd1119d9cb033010bf8fa7969c4299a?s=96&r=g","url":"https:\/\/secure.gravatar.com\/avatar\/bcbd23253c525eff3c812cd9c8be88c6cfd1119d9cb033010bf8fa7969c4299a?s=96&r=g","contentUrl":"https:\/\/secure.gravatar.com\/avatar\/bcbd23253c525eff3c812cd9c8be88c6cfd1119d9cb033010bf8fa7969c4299a?s=96&r=g","caption":"Sergio Farruggia"},"description":"Graduated in Physics, I collaborate on national and European projects concerning Geographic Information. The technical-organizational and social implications related to the use of geospatial data and technologies within the digital transformation and green strategies, the development of appropriate geo-digital skills are the main fields of interest. I contribute to the planning of courses and I carry out training and information activities.","url":"https:\/\/www.statigeneralinnovazione.it\/en\/author\/sergio-farruggiafastwebnet-it\/"}]}},"_links":{"self":[{"href":"https:\/\/www.statigeneralinnovazione.it\/en\/wp-json\/wp\/v2\/posts\/4951","targetHints":{"allow":["GET"]}}],"collection":[{"href":"https:\/\/www.statigeneralinnovazione.it\/en\/wp-json\/wp\/v2\/posts"}],"about":[{"href":"https:\/\/www.statigeneralinnovazione.it\/en\/wp-json\/wp\/v2\/types\/post"}],"author":[{"embeddable":true,"href":"https:\/\/www.statigeneralinnovazione.it\/en\/wp-json\/wp\/v2\/users\/3443"}],"replies":[{"embeddable":true,"href":"https:\/\/www.statigeneralinnovazione.it\/en\/wp-json\/wp\/v2\/comments?post=4951"}],"version-history":[{"count":0,"href":"https:\/\/www.statigeneralinnovazione.it\/en\/wp-json\/wp\/v2\/posts\/4951\/revisions"}],"wp:attachment":[{"href":"https:\/\/www.statigeneralinnovazione.it\/en\/wp-json\/wp\/v2\/media?parent=4951"}],"wp:term":[{"taxonomy":"category","embeddable":true,"href":"https:\/\/www.statigeneralinnovazione.it\/en\/wp-json\/wp\/v2\/categories?post=4951"},{"taxonomy":"post_tag","embeddable":true,"href":"https:\/\/www.statigeneralinnovazione.it\/en\/wp-json\/wp\/v2\/tags?post=4951"}],"curies":[{"name":"wp","href":"https:\/\/api.w.org\/{rel}","templated":true}]}}