{"id":20386,"date":"2025-09-18T22:57:34","date_gmt":"2025-09-18T20:57:34","guid":{"rendered":"https:\/\/www.statigeneralinnovazione.it\/?p=20386"},"modified":"2025-09-18T22:57:35","modified_gmt":"2025-09-18T20:57:35","slug":"digital-italy-summit-2025-x-edizione","status":"publish","type":"post","link":"https:\/\/www.statigeneralinnovazione.it\/en\/digital-italy-summit-2025-x-edizione\/","title":{"rendered":"Digital Italy Summit 2025 \u2013 X Edizione"},"content":{"rendered":"<p><img fetchpriority=\"high\" decoding=\"async\" class=\"size-medium wp-image-20393 aligncenter\" src=\"https:\/\/www.statigeneralinnovazione.it\/wp-content\/uploads\/2025\/09\/17-Digital-ITA-Summit-2025-RGB_Banner-1200x1200-1-300x300.png\" alt=\"\" width=\"300\" height=\"300\" srcset=\"https:\/\/www.statigeneralinnovazione.it\/wp-content\/uploads\/2025\/09\/17-Digital-ITA-Summit-2025-RGB_Banner-1200x1200-1-300x300.png 300w, https:\/\/www.statigeneralinnovazione.it\/wp-content\/uploads\/2025\/09\/17-Digital-ITA-Summit-2025-RGB_Banner-1200x1200-1-1024x1024.png 1024w, https:\/\/www.statigeneralinnovazione.it\/wp-content\/uploads\/2025\/09\/17-Digital-ITA-Summit-2025-RGB_Banner-1200x1200-1-150x150.png 150w, https:\/\/www.statigeneralinnovazione.it\/wp-content\/uploads\/2025\/09\/17-Digital-ITA-Summit-2025-RGB_Banner-1200x1200-1-768x768.png 768w, https:\/\/www.statigeneralinnovazione.it\/wp-content\/uploads\/2025\/09\/17-Digital-ITA-Summit-2025-RGB_Banner-1200x1200-1-12x12.png 12w, https:\/\/www.statigeneralinnovazione.it\/wp-content\/uploads\/2025\/09\/17-Digital-ITA-Summit-2025-RGB_Banner-1200x1200-1.png 1080w\" sizes=\"(max-width: 300px) 100vw, 300px\" \/><\/p>\n<p class=\"p1\">TIG &#8211; The Innovation Group presenta la decima edizione del Digital Italy Summit, l\u2019appuntamento annuale di riferimento per il confronto tra istituzioni, imprese, mondo della ricerca e attori dell\u2019innovazione digitale in Italia.<\/p>\n<p class=\"p1\">In un contesto di forte trasformazione economica, sociale e geopolitica, il Summit rappresenta un\u2019occasione unica per discutere strategie, modelli e tecnologie che guideranno il futuro digitale del nostro Paese.<\/p>\n<p class=\"p1\">Con l\u2019avvicinarsi della scadenza del PNRR, l\u2019Italia \u00e8 chiamata a definire nuove traiettorie di crescita, puntando su intelligenza artificiale, digitalizzazione della PA, sicurezza nazionale e autonomia strategica europea.<\/p>\n<p class=\"p1\">Il Summit favorisce il dialogo tra pubblico e privato, offrendo ai leader dell\u2019innovazione l\u2019opportunit\u00e0 di presentare soluzioni concrete e visioni di lungo periodo per una nazione pi\u00f9 moderna, resiliente e competitiva.<\/p>\n<p class=\"p1\"><strong>UN PUNTO DI RIFERIMENTO PER L\u2019INNOVAZIONE DIGITALE IN ITALIA<\/strong><\/p>\n<p class=\"p1\">Il Digital Italy Summit 2025 si colloca in un momento decisivo per il futuro del Paese: l\u2019evoluzione delle tecnologie digitali, l\u2019urgenza della transizione green e le nuove sfide geopolitiche richiedono un cambiamento profondo nella governance, nei modelli produttivi e nei servizi pubblici.<\/p>\n<p class=\"p1\">Il Summit vuole dare voce a chi guida questo cambiamento, coinvolgendo policy maker, amministrazioni pubbliche, leader industriali, ricercatori e startup.<\/p>\n<p class=\"p1\">Due giornate di confronto ad alto livello, con keynote, tavole rotonde, casi di successo e presentazioni di policy, per costruire una visione condivisa e orientata all\u2019azione.<\/p>\n<p class=\"p1\">STRUTTURA E CONTENUTI DELL\u2019EVENTO<\/p>\n<p class=\"p1\">Mercoled\u00ec 19 novembre \u2013 DIGITAL LEADERS DAY<\/p>\n<p class=\"p1\">Una giornata dedicata al tema:<\/p>\n<p class=\"p1\">\u201cAI, Competitivit\u00e0 e Difesa\u201d<\/p>\n<p class=\"p1\">Si parler\u00e0 di:<\/p>\n<p class=\"p1\">\u2022 Politiche industriali per l\u2019innovazione e la sovranit\u00e0 tecnologica<\/p>\n<p class=\"p1\">\u2022 Integrazione civile-militare e nuovi modelli \u201cdual use\u201d<\/p>\n<p class=\"p1\">\u2022 Industrial Intelligence: AI, dati e automazione nei processi produttivi<\/p>\n<p class=\"p1\">\u2022 Tecnologie strategiche per la sicurezza nazionale<\/p>\n<p class=\"p1\">\u2022 Europa digitale: verso un\u2019autonomia tecnologica nei settori chiave<\/p>\n<p class=\"p1\">Gioved\u00ec 20 novembre \u2013 PA SUMMIT<\/p>\n<p class=\"p1\">Una giornata focalizzata su:<\/p>\n<p class=\"p1\">\u201cModernizzazione della Pubblica Amministrazione e Digitalizzazione del Paese\u201d<\/p>\n<p class=\"p1\"><strong>Temi principali:<\/strong><\/p>\n<p class=\"p1\">\u2022 Stato di attuazione del PNRR e digitalizzazione delle sei missioni<\/p>\n<p class=\"p1\">\u2022 Innovazione nei territori: esperienze di Regioni, Comuni e Citt\u00e0 Metropolitane<\/p>\n<p class=\"p1\">\u2022 Servizi pubblici digitali, interoperabilit\u00e0 e semplificazione amministrativa<\/p>\n<p class=\"p1\">\u2022 Strategie AI e Data Driven nella PA: policy, strumenti, governance<\/p>\n<p class=\"p1\"><strong>OBIETTIVI DELL\u2019EVENTO<\/strong><\/p>\n<p class=\"p1\">\u2022 Offrire una visione sistemica sulla trasformazione digitale del Paese<\/p>\n<p class=\"p1\">\u2022 Favorire il dialogo tra istituzioni, imprese e mondo della ricerca<\/p>\n<p class=\"p1\">\u2022 Promuovere soluzioni innovative e tecnologie emergenti<\/p>\n<p class=\"p1\">\u2022 Approfondire l\u2019impatto dell\u2019AI e delle tecnologie dual use<\/p>\n<p class=\"p1\">\u2022 Diffondere buone pratiche e casi concreti a livello nazionale e locale<\/p>\n<p class=\"p1\">\u2022 Sostenere la costruzione di una governance pubblica data-driven<\/p>\n<p class=\"p1\"><strong>IL RAPPORTO DIGITAL ITALY 2025<\/strong><\/p>\n<p class=\"p1\">Durante il Summit sar\u00e0 distribuito il Rapporto Annuale Digital Italy 2025, una pubblicazione curata da The Innovation Group che rappresenta un punto di riferimento per comprendere lo stato dell\u2019innovazione digitale in Italia.<\/p>\n<p class=\"p1\">Il rapporto raccoglie analisi, dati aggiornati e contributi originali sui temi affrontati durante le due giornate del Summit: dall\u2019evoluzione della trasformazione digitale nella Pubblica Amministrazione e nelle imprese, all\u2019adozione dell\u2019intelligenza artificiale, fino alle strategie di sicurezza, interoperabilit\u00e0 e sostenibilit\u00e0 tecnologica.<\/p>\n<p class=\"p1\">\u00c8 uno strumento pensato per offrire una visione di insieme sulle priorit\u00e0 emergenti, le politiche pubbliche, gli investimenti in corso e i modelli organizzativi pi\u00f9 efficaci, contribuendo cos\u00ec alla definizione di una roadmap per l\u2019Italia digitale del futuro.<\/p>\n<p class=\"p1\"><strong>A CHI SI RIVOLGE<\/strong><\/p>\n<p class=\"p1\">\u2022 Dirigenti della Pubblica Amministrazione centrale e locale<\/p>\n<p class=\"p1\">\u2022 Rappresentanti istituzionali e policy maker<\/p>\n<p class=\"p1\">\u2022 Imprese ICT e operatori dell\u2019ecosistema digitale<\/p>\n<p class=\"p1\">\u2022 CIO, CTO, CISO, Innovation Manager<\/p>\n<p class=\"p1\">\u2022 Universit\u00e0, centri di ricerca, startup, think tank<\/p>\n<p class=\"p1\">\u2022 Forze Armate, stakeholder della sicurezza nazionale e industriale<\/p>\n<p class=\"p1\"><strong><span style=\"text-decoration: underline\">La partecipazione al Summit \u00e8 gratuita, previa registrazione online al link:<\/span><\/strong> <a href=\"https:\/\/www.theinnovationgroup.it\/events\/digital-italy-summit-2025\/?reg=1\">https:\/\/www.theinnovationgroup.it\/events\/digital-italy-summit-2025\/?reg=1<\/a><\/p>\n<p class=\"p1\">L\u2019evento \u00e8 riservato a rappresentanti delle Pubbliche Amministrazioni, delle aziende partner, del mondo accademico e degli operatori economici coinvolti nei processi di innovazione.<\/p>\n<p class=\"p1\"><strong>Per consultare il programma completo, visita il sito ufficiale:<\/strong><\/p>\n<p class=\"p2\"><a href=\"https:\/\/www.theinnovationgroup.it\/events\/digital-italy-summit-2025\/?type=0\">https:\/\/www.theinnovationgroup.it\/events\/digital-italy-summit-2025\/?type=0<\/a><\/p>\n<p class=\"p2\"><span class=\"s2\"><strong>Per Partecipare all\u2019evento:<\/strong> <\/span><a href=\"https:\/\/www.theinnovationgroup.it\/events\/digital-italy-summit-2025\/?reg=1\">https:\/\/www.theinnovationgroup.it\/events\/digital-italy-summit-2025\/?reg=1<\/a><\/p>\n<p>&nbsp;<\/p>","protected":false},"excerpt":{"rendered":"<p>19-20 novembre 2025 | Acquario Romano, Roma<\/p>","protected":false},"author":3579,"featured_media":20394,"comment_status":"open","ping_status":"closed","sticky":false,"template":"","format":"standard","meta":{"site-sidebar-layout":"default","site-content-layout":"","ast-site-content-layout":"default","site-content-style":"default","site-sidebar-style":"default","ast-global-header-display":"","ast-banner-title-visibility":"","ast-main-header-display":"","ast-hfb-above-header-display":"","ast-hfb-below-header-display":"","ast-hfb-mobile-header-display":"","site-post-title":"","ast-breadcrumbs-content":"","ast-featured-img":"","footer-sml-layout":"","ast-disable-related-posts":"","theme-transparent-header-meta":"","adv-header-id-meta":"","stick-header-meta":"","header-above-stick-meta":"","header-main-stick-meta":"","header-below-stick-meta":"","astra-migrate-meta-layouts":"set","ast-page-background-enabled":"default","ast-page-background-meta":{"desktop":{"background-color":"var(--ast-global-color-4)","background-image":"","background-repeat":"repeat","background-position":"center center","background-size":"auto","background-attachment":"scroll","background-type":"","background-media":"","overlay-type":"","overlay-color":"","overlay-opacity":"","overlay-gradient":""},"tablet":{"background-color":"","background-image":"","background-repeat":"repeat","background-position":"center center","background-size":"auto","background-attachment":"scroll","background-type":"","background-media":"","overlay-type":"","overlay-color":"","overlay-opacity":"","overlay-gradient":""},"mobile":{"background-color":"","background-image":"","background-repeat":"repeat","background-position":"center center","background-size":"auto","background-attachment":"scroll","background-type":"","background-media":"","overlay-type":"","overlay-color":"","overlay-opacity":"","overlay-gradient":""}},"ast-content-background-meta":{"desktop":{"background-color":"var(--ast-global-color-5)","background-image":"","background-repeat":"repeat","background-position":"center center","background-size":"auto","background-attachment":"scroll","background-type":"","background-media":"","overlay-type":"","overlay-color":"","overlay-opacity":"","overlay-gradient":""},"tablet":{"background-color":"var(--ast-global-color-5)","background-image":"","background-repeat":"repeat","background-position":"center center","background-size":"auto","background-attachment":"scroll","background-type":"","background-media":"","overlay-type":"","overlay-color":"","overlay-opacity":"","overlay-gradient":""},"mobile":{"background-color":"var(--ast-global-color-5)","background-image":"","background-repeat":"repeat","background-position":"center center","background-size":"auto","background-attachment":"scroll","background-type":"","background-media":"","overlay-type":"","overlay-color":"","overlay-opacity":"","overlay-gradient":""}},"footnotes":""},"categories":[99],"tags":[840,500,945],"class_list":["post-20386","post","type-post","status-publish","format-standard","has-post-thumbnail","hentry","category-eventi","tag-roma-capitale","tag-stati-generali-dellinnovazione","tag-tig"],"yoast_head":"<!-- This site is optimized with the Yoast SEO Premium plugin v21.1 (Yoast SEO v27.4) - https:\/\/yoast.com\/product\/yoast-seo-premium-wordpress\/ -->\n<title>Digital Italy Summit 2025 \u2013 X Edizione - Stati Generali dell&#039;Innovazione<\/title>\n<meta name=\"robots\" content=\"index, follow, max-snippet:-1, max-image-preview:large, max-video-preview:-1\" \/>\n<link rel=\"canonical\" href=\"https:\/\/www.statigeneralinnovazione.it\/en\/digital-italy-summit-2025-x-edizione\/\" \/>\n<script type=\"application\/ld+json\" class=\"yoast-schema-graph\">{\"@context\":\"https:\\\/\\\/schema.org\",\"@graph\":[{\"@type\":\"Article\",\"@id\":\"https:\\\/\\\/www.statigeneralinnovazione.it\\\/digital-italy-summit-2025-x-edizione\\\/#article\",\"isPartOf\":{\"@id\":\"https:\\\/\\\/www.statigeneralinnovazione.it\\\/digital-italy-summit-2025-x-edizione\\\/\"},\"author\":{\"name\":\"Valentina Grazia Sapuppo\",\"@id\":\"https:\\\/\\\/www.statigeneralinnovazione.it\\\/#\\\/schema\\\/person\\\/9414681ef73ea5550a15e27f44fdc687\"},\"headline\":\"Digital Italy Summit 2025 \u2013 X Edizione\",\"datePublished\":\"2025-09-18T20:57:34+00:00\",\"dateModified\":\"2025-09-18T20:57:35+00:00\",\"mainEntityOfPage\":{\"@id\":\"https:\\\/\\\/www.statigeneralinnovazione.it\\\/digital-italy-summit-2025-x-edizione\\\/\"},\"wordCount\":633,\"commentCount\":0,\"publisher\":{\"@id\":\"https:\\\/\\\/www.statigeneralinnovazione.it\\\/#organization\"},\"image\":{\"@id\":\"https:\\\/\\\/www.statigeneralinnovazione.it\\\/digital-italy-summit-2025-x-edizione\\\/#primaryimage\"},\"thumbnailUrl\":\"https:\\\/\\\/www.statigeneralinnovazione.it\\\/wp-content\\\/uploads\\\/2025\\\/09\\\/17-Digital-ITA-Summit-2025-RGB_Banner-300x150-1.png\",\"keywords\":[\"roma capitale\",\"Stati Generali dell'Innovazione\",\"TIG\"],\"articleSection\":[\"Eventi\"],\"inLanguage\":\"en-GB\",\"potentialAction\":[{\"@type\":\"CommentAction\",\"name\":\"Comment\",\"target\":[\"https:\\\/\\\/www.statigeneralinnovazione.it\\\/digital-italy-summit-2025-x-edizione\\\/#respond\"]}]},{\"@type\":\"WebPage\",\"@id\":\"https:\\\/\\\/www.statigeneralinnovazione.it\\\/digital-italy-summit-2025-x-edizione\\\/\",\"url\":\"https:\\\/\\\/www.statigeneralinnovazione.it\\\/digital-italy-summit-2025-x-edizione\\\/\",\"name\":\"Digital Italy Summit 2025 \u2013 X Edizione - Stati Generali dell&#039;Innovazione\",\"isPartOf\":{\"@id\":\"https:\\\/\\\/www.statigeneralinnovazione.it\\\/#website\"},\"primaryImageOfPage\":{\"@id\":\"https:\\\/\\\/www.statigeneralinnovazione.it\\\/digital-italy-summit-2025-x-edizione\\\/#primaryimage\"},\"image\":{\"@id\":\"https:\\\/\\\/www.statigeneralinnovazione.it\\\/digital-italy-summit-2025-x-edizione\\\/#primaryimage\"},\"thumbnailUrl\":\"https:\\\/\\\/www.statigeneralinnovazione.it\\\/wp-content\\\/uploads\\\/2025\\\/09\\\/17-Digital-ITA-Summit-2025-RGB_Banner-300x150-1.png\",\"datePublished\":\"2025-09-18T20:57:34+00:00\",\"dateModified\":\"2025-09-18T20:57:35+00:00\",\"breadcrumb\":{\"@id\":\"https:\\\/\\\/www.statigeneralinnovazione.it\\\/digital-italy-summit-2025-x-edizione\\\/#breadcrumb\"},\"inLanguage\":\"en-GB\",\"potentialAction\":[{\"@type\":\"ReadAction\",\"target\":[\"https:\\\/\\\/www.statigeneralinnovazione.it\\\/digital-italy-summit-2025-x-edizione\\\/\"]}]},{\"@type\":\"ImageObject\",\"inLanguage\":\"en-GB\",\"@id\":\"https:\\\/\\\/www.statigeneralinnovazione.it\\\/digital-italy-summit-2025-x-edizione\\\/#primaryimage\",\"url\":\"https:\\\/\\\/www.statigeneralinnovazione.it\\\/wp-content\\\/uploads\\\/2025\\\/09\\\/17-Digital-ITA-Summit-2025-RGB_Banner-300x150-1.png\",\"contentUrl\":\"https:\\\/\\\/www.statigeneralinnovazione.it\\\/wp-content\\\/uploads\\\/2025\\\/09\\\/17-Digital-ITA-Summit-2025-RGB_Banner-300x150-1.png\",\"width\":300,\"height\":150},{\"@type\":\"BreadcrumbList\",\"@id\":\"https:\\\/\\\/www.statigeneralinnovazione.it\\\/digital-italy-summit-2025-x-edizione\\\/#breadcrumb\",\"itemListElement\":[{\"@type\":\"ListItem\",\"position\":1,\"name\":\"Home\",\"item\":\"https:\\\/\\\/www.statigeneralinnovazione.it\\\/\"},{\"@type\":\"ListItem\",\"position\":2,\"name\":\"Notizie\",\"item\":\"https:\\\/\\\/www.statigeneralinnovazione.it\\\/category\\\/notizie\\\/\"},{\"@type\":\"ListItem\",\"position\":3,\"name\":\"Eventi\",\"item\":\"https:\\\/\\\/www.statigeneralinnovazione.it\\\/category\\\/notizie\\\/eventi\\\/\"},{\"@type\":\"ListItem\",\"position\":4,\"name\":\"Digital Italy Summit 2025 \u2013 X Edizione\"}]},{\"@type\":\"WebSite\",\"@id\":\"https:\\\/\\\/www.statigeneralinnovazione.it\\\/#website\",\"url\":\"https:\\\/\\\/www.statigeneralinnovazione.it\\\/\",\"name\":\"Stati Generali dell&#039;Innovazione\",\"description\":\"Insieme per innovare\",\"publisher\":{\"@id\":\"https:\\\/\\\/www.statigeneralinnovazione.it\\\/#organization\"},\"potentialAction\":[{\"@type\":\"SearchAction\",\"target\":{\"@type\":\"EntryPoint\",\"urlTemplate\":\"https:\\\/\\\/www.statigeneralinnovazione.it\\\/?s={search_term_string}\"},\"query-input\":{\"@type\":\"PropertyValueSpecification\",\"valueRequired\":true,\"valueName\":\"search_term_string\"}}],\"inLanguage\":\"en-GB\"},{\"@type\":\"Organization\",\"@id\":\"https:\\\/\\\/www.statigeneralinnovazione.it\\\/#organization\",\"name\":\"Stati Generali dell&#039;Innovazione\",\"url\":\"https:\\\/\\\/www.statigeneralinnovazione.it\\\/\",\"logo\":{\"@type\":\"ImageObject\",\"inLanguage\":\"en-GB\",\"@id\":\"https:\\\/\\\/www.statigeneralinnovazione.it\\\/#\\\/schema\\\/logo\\\/image\\\/\",\"url\":\"https:\\\/\\\/www.statigeneralinnovazione.it\\\/wp-content\\\/uploads\\\/2016\\\/10\\\/logo_sgi_retina_544x180.png\",\"contentUrl\":\"https:\\\/\\\/www.statigeneralinnovazione.it\\\/wp-content\\\/uploads\\\/2016\\\/10\\\/logo_sgi_retina_544x180.png\",\"width\":544,\"height\":180,\"caption\":\"Stati Generali dell&#039;Innovazione\"},\"image\":{\"@id\":\"https:\\\/\\\/www.statigeneralinnovazione.it\\\/#\\\/schema\\\/logo\\\/image\\\/\"}},{\"@type\":\"Person\",\"@id\":\"https:\\\/\\\/www.statigeneralinnovazione.it\\\/#\\\/schema\\\/person\\\/9414681ef73ea5550a15e27f44fdc687\",\"name\":\"Valentina Grazia Sapuppo\",\"image\":{\"@type\":\"ImageObject\",\"inLanguage\":\"en-GB\",\"@id\":\"https:\\\/\\\/www.statigeneralinnovazione.it\\\/wp-content\\\/uploads\\\/2025\\\/01\\\/1734968741900-150x150.jpeg\",\"url\":\"https:\\\/\\\/www.statigeneralinnovazione.it\\\/wp-content\\\/uploads\\\/2025\\\/01\\\/1734968741900-150x150.jpeg\",\"contentUrl\":\"https:\\\/\\\/www.statigeneralinnovazione.it\\\/wp-content\\\/uploads\\\/2025\\\/01\\\/1734968741900-150x150.jpeg\",\"caption\":\"Valentina Grazia Sapuppo\"},\"description\":\"Valentina Grazia Sapuppo \u2013 Avvocato e Informatico Professionista ai sensi della Legge 4\\\/2013, parte attiva di WOMEN IN TECH \u00ae GLOBAL MOVEMENT e di WOMEN FOR SECURITY, community di Cyberladies supportata dal Clusit, gi\u00e0 Funzionario Tecnico presso il Dipartimento Certificazione e Ispezione dell&#039;Ente Italiano di Accreditamento - ACCREDIA . Diplomata presso l\u2019Universit\u00e0 di Mendoza in Internet Governance &amp; Regulation. Esperta legale nel mondo digitale, Data Protection e Cybersecurity, \u00e8 specializzata in etica dell\u2019informazione e tutela del dato biometrico. Membro del Support Pool of Experts dell\u2019EDPB | Technical expertise in new technologies and information security \u2013 Legal expertise in new technologies, l\u2019Avv. Sapuppo \u00e8, altres\u00ec, International Privacy Expert Manager. Gi\u00e0 Maestro della Protezione dei Dati &amp; Data Protection Designer e Fellow presso L\u2019Istituto Italiano per la Privacy e la Valorizzazione del Dato \u2013 IIP. Svolge attivit\u00e0 di ricercatore indipendente nei settori della Data Protection, dell\u2019Intelligenza Artificiale, della Cybersecurity e della Blockchain ed \u00e8 Networker del Digital &amp; Law Department S.r.l. presso ANORC. Opera in qualit\u00e0 di Esperto Aggiunto presso UNINFO \u2013 Comitato UNI\\\/CT 533 in rappresentanza di SGI - Stati Generali dell&#039;Innovazione e Comitato UNI\\\/CT 526 in rappresentanza dell&#039;Associazione Informatici Professionisti [AIP - ITCS]. Individual Member Support presso Responsible Artificial Intelligence Institute \u2013 RAII. Membro ISC(2) International e del Chapter Italy, Membro Individuale di Cloud Security Alliance \u2013 CSA, ISACA, Membro dell&#039;Accademia Italiana del Codice di Internet - IAIC e di Internet Society \u2013 ISOC. NIST Cybersecurity &amp; Privacy Specialist, DPO Certificato UNI 11697, nonch\u00e8 Auditor\\\/Lead Auditor ISO\\\/IEC ISO\\\/IEC 27001:2022, 20000 \u2013 1:2019, 22301:2019, 9001:2015. Membro individuale in Futurium | European AI Alliance | European Commission, IEEE, ICANN, UNESCO e AI Standard Hub | The Alan Turing Institute. Former Associate presso ICT Legal Consulting, l\u2019Avv. Sapuppo attualmente opera nella qualit\u00e0 Chief Legal Compliance Officer, ICT Data Protection Certification Schemes Manager e quale Head of Academy Division, in Milano, presso ITEC - Istituto Tecnologico Europeo di Certificazione. IGF Resource Person, Socio Professionista presso Federaci\u00f3n Iberoamericana de Asociaciones de Derecho e Inform\u00e1tica A.C. [Uruguay], e Membro di OdiseIA [Madrid], Membro di ANIA - Alianza Nacional de Inteligencia Artificial e del Centro de Ciberseguridad Industrial-Industrial Cybersecurity Center - CCI [Madrid]. Responsabile delle relazioni internazionali e membro del Comitato tecnico del SAI \u2013 Sistemas Administrativos Inteligentes dell\u2019ANCBA \u2013 Academia Nacional de Ciencias de Buenos Aires, l\u2019Avv. Sapuppo \u00e8 altres\u00ec Rappresentante per l\u2019Italia della Revista de Ciencia de la Legislaci\u00f3n | Universidad del Salvador.\",\"sameAs\":[\"https:\\\/\\\/www.statigeneralinnovazione.it\\\/\"],\"url\":\"https:\\\/\\\/www.statigeneralinnovazione.it\\\/en\\\/author\\\/valentinagraziasapuppoproton-me\\\/\"}]}<\/script>\n<!-- \/ Yoast SEO Premium plugin. -->","yoast_head_json":{"title":"Digital Italy Summit 2025 \u2013 X Edizione - Stati Generali dell&#039;Innovazione","robots":{"index":"index","follow":"follow","max-snippet":"max-snippet:-1","max-image-preview":"max-image-preview:large","max-video-preview":"max-video-preview:-1"},"canonical":"https:\/\/www.statigeneralinnovazione.it\/en\/digital-italy-summit-2025-x-edizione\/","schema":{"@context":"https:\/\/schema.org","@graph":[{"@type":"Article","@id":"https:\/\/www.statigeneralinnovazione.it\/digital-italy-summit-2025-x-edizione\/#article","isPartOf":{"@id":"https:\/\/www.statigeneralinnovazione.it\/digital-italy-summit-2025-x-edizione\/"},"author":{"name":"Valentina Grazia Sapuppo","@id":"https:\/\/www.statigeneralinnovazione.it\/#\/schema\/person\/9414681ef73ea5550a15e27f44fdc687"},"headline":"Digital Italy Summit 2025 \u2013 X Edizione","datePublished":"2025-09-18T20:57:34+00:00","dateModified":"2025-09-18T20:57:35+00:00","mainEntityOfPage":{"@id":"https:\/\/www.statigeneralinnovazione.it\/digital-italy-summit-2025-x-edizione\/"},"wordCount":633,"commentCount":0,"publisher":{"@id":"https:\/\/www.statigeneralinnovazione.it\/#organization"},"image":{"@id":"https:\/\/www.statigeneralinnovazione.it\/digital-italy-summit-2025-x-edizione\/#primaryimage"},"thumbnailUrl":"https:\/\/www.statigeneralinnovazione.it\/wp-content\/uploads\/2025\/09\/17-Digital-ITA-Summit-2025-RGB_Banner-300x150-1.png","keywords":["roma capitale","Stati Generali dell'Innovazione","TIG"],"articleSection":["Eventi"],"inLanguage":"en-GB","potentialAction":[{"@type":"CommentAction","name":"Comment","target":["https:\/\/www.statigeneralinnovazione.it\/digital-italy-summit-2025-x-edizione\/#respond"]}]},{"@type":"WebPage","@id":"https:\/\/www.statigeneralinnovazione.it\/digital-italy-summit-2025-x-edizione\/","url":"https:\/\/www.statigeneralinnovazione.it\/digital-italy-summit-2025-x-edizione\/","name":"Digital Italy Summit 2025 \u2013 X Edizione - Stati Generali dell&#039;Innovazione","isPartOf":{"@id":"https:\/\/www.statigeneralinnovazione.it\/#website"},"primaryImageOfPage":{"@id":"https:\/\/www.statigeneralinnovazione.it\/digital-italy-summit-2025-x-edizione\/#primaryimage"},"image":{"@id":"https:\/\/www.statigeneralinnovazione.it\/digital-italy-summit-2025-x-edizione\/#primaryimage"},"thumbnailUrl":"https:\/\/www.statigeneralinnovazione.it\/wp-content\/uploads\/2025\/09\/17-Digital-ITA-Summit-2025-RGB_Banner-300x150-1.png","datePublished":"2025-09-18T20:57:34+00:00","dateModified":"2025-09-18T20:57:35+00:00","breadcrumb":{"@id":"https:\/\/www.statigeneralinnovazione.it\/digital-italy-summit-2025-x-edizione\/#breadcrumb"},"inLanguage":"en-GB","potentialAction":[{"@type":"ReadAction","target":["https:\/\/www.statigeneralinnovazione.it\/digital-italy-summit-2025-x-edizione\/"]}]},{"@type":"ImageObject","inLanguage":"en-GB","@id":"https:\/\/www.statigeneralinnovazione.it\/digital-italy-summit-2025-x-edizione\/#primaryimage","url":"https:\/\/www.statigeneralinnovazione.it\/wp-content\/uploads\/2025\/09\/17-Digital-ITA-Summit-2025-RGB_Banner-300x150-1.png","contentUrl":"https:\/\/www.statigeneralinnovazione.it\/wp-content\/uploads\/2025\/09\/17-Digital-ITA-Summit-2025-RGB_Banner-300x150-1.png","width":300,"height":150},{"@type":"BreadcrumbList","@id":"https:\/\/www.statigeneralinnovazione.it\/digital-italy-summit-2025-x-edizione\/#breadcrumb","itemListElement":[{"@type":"ListItem","position":1,"name":"Home","item":"https:\/\/www.statigeneralinnovazione.it\/"},{"@type":"ListItem","position":2,"name":"Notizie","item":"https:\/\/www.statigeneralinnovazione.it\/category\/notizie\/"},{"@type":"ListItem","position":3,"name":"Eventi","item":"https:\/\/www.statigeneralinnovazione.it\/category\/notizie\/eventi\/"},{"@type":"ListItem","position":4,"name":"Digital Italy Summit 2025 \u2013 X Edizione"}]},{"@type":"WebSite","@id":"https:\/\/www.statigeneralinnovazione.it\/#website","url":"https:\/\/www.statigeneralinnovazione.it\/","name":"States General of Innovation","description":"Together to innovate","publisher":{"@id":"https:\/\/www.statigeneralinnovazione.it\/#organization"},"potentialAction":[{"@type":"SearchAction","target":{"@type":"EntryPoint","urlTemplate":"https:\/\/www.statigeneralinnovazione.it\/?s={search_term_string}"},"query-input":{"@type":"PropertyValueSpecification","valueRequired":true,"valueName":"search_term_string"}}],"inLanguage":"en-GB"},{"@type":"Organization","@id":"https:\/\/www.statigeneralinnovazione.it\/#organization","name":"States General of Innovation","url":"https:\/\/www.statigeneralinnovazione.it\/","logo":{"@type":"ImageObject","inLanguage":"en-GB","@id":"https:\/\/www.statigeneralinnovazione.it\/#\/schema\/logo\/image\/","url":"https:\/\/www.statigeneralinnovazione.it\/wp-content\/uploads\/2016\/10\/logo_sgi_retina_544x180.png","contentUrl":"https:\/\/www.statigeneralinnovazione.it\/wp-content\/uploads\/2016\/10\/logo_sgi_retina_544x180.png","width":544,"height":180,"caption":"Stati Generali dell&#039;Innovazione"},"image":{"@id":"https:\/\/www.statigeneralinnovazione.it\/#\/schema\/logo\/image\/"}},{"@type":"Person","@id":"https:\/\/www.statigeneralinnovazione.it\/#\/schema\/person\/9414681ef73ea5550a15e27f44fdc687","name":"Valentina Grazia Sapuppo","image":{"@type":"ImageObject","inLanguage":"en-GB","@id":"https:\/\/www.statigeneralinnovazione.it\/wp-content\/uploads\/2025\/01\/1734968741900-150x150.jpeg","url":"https:\/\/www.statigeneralinnovazione.it\/wp-content\/uploads\/2025\/01\/1734968741900-150x150.jpeg","contentUrl":"https:\/\/www.statigeneralinnovazione.it\/wp-content\/uploads\/2025\/01\/1734968741900-150x150.jpeg","caption":"Valentina Grazia Sapuppo"},"description":"Valentina Grazia Sapuppo \u2013 Avvocato e Informatico Professionista ai sensi della Legge 4\/2013, parte attiva di WOMEN IN TECH \u00ae GLOBAL MOVEMENT e di WOMEN FOR SECURITY, community di Cyberladies supportata dal Clusit, gi\u00e0 Funzionario Tecnico presso il Dipartimento Certificazione e Ispezione dell&#039;Ente Italiano di Accreditamento - ACCREDIA . Diplomata presso l\u2019Universit\u00e0 di Mendoza in Internet Governance &amp; Regulation. Esperta legale nel mondo digitale, Data Protection e Cybersecurity, \u00e8 specializzata in etica dell\u2019informazione e tutela del dato biometrico. Membro del Support Pool of Experts dell\u2019EDPB | Technical expertise in new technologies and information security \u2013 Legal expertise in new technologies, l\u2019Avv. Sapuppo \u00e8, altres\u00ec, International Privacy Expert Manager. Gi\u00e0 Maestro della Protezione dei Dati &amp; Data Protection Designer e Fellow presso L\u2019Istituto Italiano per la Privacy e la Valorizzazione del Dato \u2013 IIP. Svolge attivit\u00e0 di ricercatore indipendente nei settori della Data Protection, dell\u2019Intelligenza Artificiale, della Cybersecurity e della Blockchain ed \u00e8 Networker del Digital &amp; Law Department S.r.l. presso ANORC. Opera in qualit\u00e0 di Esperto Aggiunto presso UNINFO \u2013 Comitato UNI\/CT 533 in rappresentanza di SGI - Stati Generali dell&#039;Innovazione e Comitato UNI\/CT 526 in rappresentanza dell&#039;Associazione Informatici Professionisti [AIP - ITCS]. Individual Member Support presso Responsible Artificial Intelligence Institute \u2013 RAII. Membro ISC(2) International e del Chapter Italy, Membro Individuale di Cloud Security Alliance \u2013 CSA, ISACA, Membro dell&#039;Accademia Italiana del Codice di Internet - IAIC e di Internet Society \u2013 ISOC. NIST Cybersecurity &amp; Privacy Specialist, DPO Certificato UNI 11697, nonch\u00e8 Auditor\/Lead Auditor ISO\/IEC ISO\/IEC 27001:2022, 20000 \u2013 1:2019, 22301:2019, 9001:2015. Membro individuale in Futurium | European AI Alliance | European Commission, IEEE, ICANN, UNESCO e AI Standard Hub | The Alan Turing Institute. Former Associate presso ICT Legal Consulting, l\u2019Avv. Sapuppo attualmente opera nella qualit\u00e0 Chief Legal Compliance Officer, ICT Data Protection Certification Schemes Manager e quale Head of Academy Division, in Milano, presso ITEC - Istituto Tecnologico Europeo di Certificazione. IGF Resource Person, Socio Professionista presso Federaci\u00f3n Iberoamericana de Asociaciones de Derecho e Inform\u00e1tica A.C. [Uruguay], e Membro di OdiseIA [Madrid], Membro di ANIA - Alianza Nacional de Inteligencia Artificial e del Centro de Ciberseguridad Industrial-Industrial Cybersecurity Center - CCI [Madrid]. Responsabile delle relazioni internazionali e membro del Comitato tecnico del SAI \u2013 Sistemas Administrativos Inteligentes dell\u2019ANCBA \u2013 Academia Nacional de Ciencias de Buenos Aires, l\u2019Avv. Sapuppo \u00e8 altres\u00ec Rappresentante per l\u2019Italia della Revista de Ciencia de la Legislaci\u00f3n | Universidad del Salvador.","sameAs":["https:\/\/www.statigeneralinnovazione.it\/"],"url":"https:\/\/www.statigeneralinnovazione.it\/en\/author\/valentinagraziasapuppoproton-me\/"}]}},"_links":{"self":[{"href":"https:\/\/www.statigeneralinnovazione.it\/en\/wp-json\/wp\/v2\/posts\/20386","targetHints":{"allow":["GET"]}}],"collection":[{"href":"https:\/\/www.statigeneralinnovazione.it\/en\/wp-json\/wp\/v2\/posts"}],"about":[{"href":"https:\/\/www.statigeneralinnovazione.it\/en\/wp-json\/wp\/v2\/types\/post"}],"author":[{"embeddable":true,"href":"https:\/\/www.statigeneralinnovazione.it\/en\/wp-json\/wp\/v2\/users\/3579"}],"replies":[{"embeddable":true,"href":"https:\/\/www.statigeneralinnovazione.it\/en\/wp-json\/wp\/v2\/comments?post=20386"}],"version-history":[{"count":8,"href":"https:\/\/www.statigeneralinnovazione.it\/en\/wp-json\/wp\/v2\/posts\/20386\/revisions"}],"predecessor-version":[{"id":20397,"href":"https:\/\/www.statigeneralinnovazione.it\/en\/wp-json\/wp\/v2\/posts\/20386\/revisions\/20397"}],"wp:featuredmedia":[{"embeddable":true,"href":"https:\/\/www.statigeneralinnovazione.it\/en\/wp-json\/wp\/v2\/media\/20394"}],"wp:attachment":[{"href":"https:\/\/www.statigeneralinnovazione.it\/en\/wp-json\/wp\/v2\/media?parent=20386"}],"wp:term":[{"taxonomy":"category","embeddable":true,"href":"https:\/\/www.statigeneralinnovazione.it\/en\/wp-json\/wp\/v2\/categories?post=20386"},{"taxonomy":"post_tag","embeddable":true,"href":"https:\/\/www.statigeneralinnovazione.it\/en\/wp-json\/wp\/v2\/tags?post=20386"}],"curies":[{"name":"wp","href":"https:\/\/api.w.org\/{rel}","templated":true}]}}