{"id":19821,"date":"2025-06-18T15:09:40","date_gmt":"2025-06-18T13:09:40","guid":{"rendered":"https:\/\/www.statigeneralinnovazione.it\/?p=19821"},"modified":"2025-06-18T15:09:42","modified_gmt":"2025-06-18T13:09:42","slug":"stati-generali-dellinnovazione-presente-allevento-cafe-europa-2-incontro-su-strategia-europea-per-la-gioventu","status":"publish","type":"post","link":"https:\/\/www.statigeneralinnovazione.it\/en\/stati-generali-dellinnovazione-presente-allevento-cafe-europa-2-incontro-su-strategia-europea-per-la-gioventu\/","title":{"rendered":"Stati Generali dell\u2019Innovazione presente all\u2019evento \u201cCaf\u00e8 Europa \u2013 2\u00b0 incontro su Strategia europea per la giovent\u00f9\u201d"},"content":{"rendered":"<p><img fetchpriority=\"high\" decoding=\"async\" class=\"wp-image-19820 aligncenter\" src=\"https:\/\/www.statigeneralinnovazione.it\/wp-content\/uploads\/2025\/06\/SGI-Cafe-Europa-II-Incontro-300x251.jpg\" alt=\"\" width=\"408\" height=\"341\" srcset=\"https:\/\/www.statigeneralinnovazione.it\/wp-content\/uploads\/2025\/06\/SGI-Cafe-Europa-II-Incontro-300x251.jpg 300w, https:\/\/www.statigeneralinnovazione.it\/wp-content\/uploads\/2025\/06\/SGI-Cafe-Europa-II-Incontro-150x126.jpg 150w, https:\/\/www.statigeneralinnovazione.it\/wp-content\/uploads\/2025\/06\/SGI-Cafe-Europa-II-Incontro-768x644.jpg 768w, https:\/\/www.statigeneralinnovazione.it\/wp-content\/uploads\/2025\/06\/SGI-Cafe-Europa-II-Incontro-14x12.jpg 14w, https:\/\/www.statigeneralinnovazione.it\/wp-content\/uploads\/2025\/06\/SGI-Cafe-Europa-II-Incontro.jpg 940w\" sizes=\"(max-width: 408px) 100vw, 408px\" \/><\/p>\n<p><strong>States General of Innovation<\/strong> presente all\u2019evento <strong>\u201cCaf\u00e8 Europa \u2013 2\u00b0 incontro su Strategia europea per la giovent\u00f9\u201d<\/strong> che si terr\u00e0 il giorno 20 giugno 2025, dalle 18:00 alle 19:30, presso l\u2019Universit\u00e0 di Roma La Sapienza e Online su Zoom!<\/p>\n<p class=\"p1\">Il Caf\u00e9 Europa \u00e8 un incontro dinamico e informale pensato per dare voce alle giovani generazioni e promuovere il dialogo su temi cruciali per il loro futuro in Europa. Il focus durante il secondo incontro riguarder\u00e0 la <b><i>Strategia europea per la Giovent\u00f9<\/i><\/b>.<\/p>\n<p class=\"p1\" style=\"text-align: center\"><b>Agenda<\/b><\/p>\n<p class=\"p2\"><b>18.00 &#8211; 18.10 | Saluti e apertura dei lavori<\/b><\/p>\n<p class=\"p3\">\u25cf Giammarco Gianino, <i>Rappresentante di Europe Direct Citt\u00e0 Metropolitana di Roma<\/i><\/p>\n<p class=\"p3\">\u25cf Paolo Giabbanelli, <i>Rappresentante degli studenti &#8211; Sapienza Futura<\/i><\/p>\n<p class=\"p2\"><b>18.10 &#8211; 18.25 | Processi di transizione alla vita adulta: bisogni, scelte, prospettive e <\/b><b>aspettative dei giovani<\/b><\/p>\n<p class=\"p3\">\u25cf <span class=\"s1\">Anna Ancora, <\/span><i>Ricercatrice INAPP presso la struttura Inclusione Sociale<\/i><\/p>\n<p class=\"p2\"><b>18.25 &#8211; 18.40 | Il ruolo dei giovani nella costruzione di una societ\u00e0 pi\u00f9 giusta, equa e <\/b><b>sustainable<\/b><\/p>\n<p class=\"p3\">\u25cf <span class=\"s1\">Valentina Ferri, <\/span><i>Ricercatrice INAPP presso la struttura Imprese e Lavoro<\/i><\/p>\n<p class=\"p2\"><b>18.40 &#8211; 18.55 | EU Youth Strategy 2019-2027: obiettivi e azioni<\/b><\/p>\n<p class=\"p3\">\u25cf Giammarco Gianino, <i>Rappresentante di Europe Direct Citt\u00e0 Metropolitana di Roma<\/i><\/p>\n<p class=\"p2\"><b>18.55 &#8211; 19.10 |Dallo sviluppo locale alla visione europea: il ruolo attivo dei giovani <\/b><b>imprenditori<\/b><\/p>\n<p class=\"p3\">\u25cf Eugenio Miccone, <i>Presidente dei giovani di Confcommercio Roma e Vicepresidente <\/i><i>della Consulta giovani imprenditori e professionisti di Roma Capitale<\/i><\/p>\n<p class=\"p2\"><b>19.10 &#8211; 19.20 |Innovazione civica e digitale: strumenti per l\u2019empowerment e la <\/b><b>partecipazione dei giovani<\/b><\/p>\n<p class=\"p3\">\u25cf Fulvio Ananasso, <i>President of the States General of Innovation<\/i><\/p>\n<p class=\"p2\"><b>19.20 &#8211; 19.30 Q&amp;A<\/b><\/p>\n<p>Per iscrizione Online: <a href=\"https:\/\/progeu.org\/eventi\/registrazione-cafe-europa-secondo-incontro\/\">https:\/\/progeu.org\/eventi\/registrazione-cafe-europa-secondo-incontro\/<\/a><\/p>\n<p>Per iscrizioni in presenza: <a href=\"https:\/\/www.eventbrite.it\/e\/cafe-europa-secondo-incontro-tickets-1407591476999\">https:\/\/www.eventbrite.it\/e\/cafe-europa-secondo-incontro-tickets-1407591476999<\/a><\/p>\n<p>&nbsp;<\/p>","protected":false},"excerpt":{"rendered":"<p>Stati Generali dell\u2019Innovazione presente all\u2019evento \u201cCaf\u00e8 Europa \u2013 2\u00b0 incontro su Strategia europea per la giovent\u00f9\u201d che si terr\u00e0 il giorno 20 giugno 2025, dalle 18:00 alle 19:30, presso l\u2019Universit\u00e0 di Roma La Sapienza e [&hellip;]<\/p>\n","protected":false},"author":3579,"featured_media":19820,"comment_status":"open","ping_status":"closed","sticky":false,"template":"","format":"standard","meta":{"site-sidebar-layout":"default","site-content-layout":"","ast-site-content-layout":"default","site-content-style":"default","site-sidebar-style":"default","ast-global-header-display":"","ast-banner-title-visibility":"","ast-main-header-display":"","ast-hfb-above-header-display":"","ast-hfb-below-header-display":"","ast-hfb-mobile-header-display":"","site-post-title":"","ast-breadcrumbs-content":"","ast-featured-img":"","footer-sml-layout":"","ast-disable-related-posts":"","theme-transparent-header-meta":"","adv-header-id-meta":"","stick-header-meta":"","header-above-stick-meta":"","header-main-stick-meta":"","header-below-stick-meta":"","astra-migrate-meta-layouts":"set","ast-page-background-enabled":"default","ast-page-background-meta":{"desktop":{"background-color":"var(--ast-global-color-4)","background-image":"","background-repeat":"repeat","background-position":"center center","background-size":"auto","background-attachment":"scroll","background-type":"","background-media":"","overlay-type":"","overlay-color":"","overlay-opacity":"","overlay-gradient":""},"tablet":{"background-color":"","background-image":"","background-repeat":"repeat","background-position":"center center","background-size":"auto","background-attachment":"scroll","background-type":"","background-media":"","overlay-type":"","overlay-color":"","overlay-opacity":"","overlay-gradient":""},"mobile":{"background-color":"","background-image":"","background-repeat":"repeat","background-position":"center center","background-size":"auto","background-attachment":"scroll","background-type":"","background-media":"","overlay-type":"","overlay-color":"","overlay-opacity":"","overlay-gradient":""}},"ast-content-background-meta":{"desktop":{"background-color":"var(--ast-global-color-5)","background-image":"","background-repeat":"repeat","background-position":"center center","background-size":"auto","background-attachment":"scroll","background-type":"","background-media":"","overlay-type":"","overlay-color":"","overlay-opacity":"","overlay-gradient":""},"tablet":{"background-color":"var(--ast-global-color-5)","background-image":"","background-repeat":"repeat","background-position":"center center","background-size":"auto","background-attachment":"scroll","background-type":"","background-media":"","overlay-type":"","overlay-color":"","overlay-opacity":"","overlay-gradient":""},"mobile":{"background-color":"var(--ast-global-color-5)","background-image":"","background-repeat":"repeat","background-position":"center center","background-size":"auto","background-attachment":"scroll","background-type":"","background-media":"","overlay-type":"","overlay-color":"","overlay-opacity":"","overlay-gradient":""}},"footnotes":""},"categories":[99],"tags":[925,791,500],"class_list":["post-19821","post","type-post","status-publish","format-standard","has-post-thumbnail","hentry","category-eventi","tag-cafe-europa","tag-giovani","tag-stati-generali-dellinnovazione"],"yoast_head":"<!-- This site is optimized with the Yoast SEO Premium plugin v21.1 (Yoast SEO v27.4) - https:\/\/yoast.com\/product\/yoast-seo-premium-wordpress\/ -->\n<title>Stati Generali dell\u2019Innovazione presente all\u2019evento \u201cCaf\u00e8 Europa \u2013 2\u00b0 incontro su Strategia europea per la giovent\u00f9\u201d - Stati Generali dell&#039;Innovazione<\/title>\n<meta name=\"robots\" content=\"index, follow, max-snippet:-1, max-image-preview:large, max-video-preview:-1\" \/>\n<link rel=\"canonical\" href=\"https:\/\/www.statigeneralinnovazione.it\/en\/stati-generali-dellinnovazione-presente-allevento-cafe-europa-2-incontro-su-strategia-europea-per-la-gioventu\/\" \/>\n<script type=\"application\/ld+json\" class=\"yoast-schema-graph\">{\"@context\":\"https:\\\/\\\/schema.org\",\"@graph\":[{\"@type\":\"Article\",\"@id\":\"https:\\\/\\\/www.statigeneralinnovazione.it\\\/stati-generali-dellinnovazione-presente-allevento-cafe-europa-2-incontro-su-strategia-europea-per-la-gioventu\\\/#article\",\"isPartOf\":{\"@id\":\"https:\\\/\\\/www.statigeneralinnovazione.it\\\/stati-generali-dellinnovazione-presente-allevento-cafe-europa-2-incontro-su-strategia-europea-per-la-gioventu\\\/\"},\"author\":{\"name\":\"Valentina Grazia Sapuppo\",\"@id\":\"https:\\\/\\\/www.statigeneralinnovazione.it\\\/#\\\/schema\\\/person\\\/9414681ef73ea5550a15e27f44fdc687\"},\"headline\":\"Stati Generali dell\u2019Innovazione presente all\u2019evento \u201cCaf\u00e8 Europa \u2013 2\u00b0 incontro su Strategia europea per la giovent\u00f9\u201d\",\"datePublished\":\"2025-06-18T13:09:40+00:00\",\"dateModified\":\"2025-06-18T13:09:42+00:00\",\"mainEntityOfPage\":{\"@id\":\"https:\\\/\\\/www.statigeneralinnovazione.it\\\/stati-generali-dellinnovazione-presente-allevento-cafe-europa-2-incontro-su-strategia-europea-per-la-gioventu\\\/\"},\"wordCount\":259,\"commentCount\":0,\"publisher\":{\"@id\":\"https:\\\/\\\/www.statigeneralinnovazione.it\\\/#organization\"},\"image\":{\"@id\":\"https:\\\/\\\/www.statigeneralinnovazione.it\\\/stati-generali-dellinnovazione-presente-allevento-cafe-europa-2-incontro-su-strategia-europea-per-la-gioventu\\\/#primaryimage\"},\"thumbnailUrl\":\"https:\\\/\\\/www.statigeneralinnovazione.it\\\/wp-content\\\/uploads\\\/2025\\\/06\\\/SGI-Cafe-Europa-II-Incontro.jpg\",\"keywords\":[\"caf\u00e8 europa\",\"giovani\",\"Stati Generali dell'Innovazione\"],\"articleSection\":[\"Eventi\"],\"inLanguage\":\"en-GB\",\"potentialAction\":[{\"@type\":\"CommentAction\",\"name\":\"Comment\",\"target\":[\"https:\\\/\\\/www.statigeneralinnovazione.it\\\/stati-generali-dellinnovazione-presente-allevento-cafe-europa-2-incontro-su-strategia-europea-per-la-gioventu\\\/#respond\"]}]},{\"@type\":\"WebPage\",\"@id\":\"https:\\\/\\\/www.statigeneralinnovazione.it\\\/stati-generali-dellinnovazione-presente-allevento-cafe-europa-2-incontro-su-strategia-europea-per-la-gioventu\\\/\",\"url\":\"https:\\\/\\\/www.statigeneralinnovazione.it\\\/stati-generali-dellinnovazione-presente-allevento-cafe-europa-2-incontro-su-strategia-europea-per-la-gioventu\\\/\",\"name\":\"Stati Generali dell\u2019Innovazione presente all\u2019evento \u201cCaf\u00e8 Europa \u2013 2\u00b0 incontro su Strategia europea per la giovent\u00f9\u201d - Stati Generali dell&#039;Innovazione\",\"isPartOf\":{\"@id\":\"https:\\\/\\\/www.statigeneralinnovazione.it\\\/#website\"},\"primaryImageOfPage\":{\"@id\":\"https:\\\/\\\/www.statigeneralinnovazione.it\\\/stati-generali-dellinnovazione-presente-allevento-cafe-europa-2-incontro-su-strategia-europea-per-la-gioventu\\\/#primaryimage\"},\"image\":{\"@id\":\"https:\\\/\\\/www.statigeneralinnovazione.it\\\/stati-generali-dellinnovazione-presente-allevento-cafe-europa-2-incontro-su-strategia-europea-per-la-gioventu\\\/#primaryimage\"},\"thumbnailUrl\":\"https:\\\/\\\/www.statigeneralinnovazione.it\\\/wp-content\\\/uploads\\\/2025\\\/06\\\/SGI-Cafe-Europa-II-Incontro.jpg\",\"datePublished\":\"2025-06-18T13:09:40+00:00\",\"dateModified\":\"2025-06-18T13:09:42+00:00\",\"breadcrumb\":{\"@id\":\"https:\\\/\\\/www.statigeneralinnovazione.it\\\/stati-generali-dellinnovazione-presente-allevento-cafe-europa-2-incontro-su-strategia-europea-per-la-gioventu\\\/#breadcrumb\"},\"inLanguage\":\"en-GB\",\"potentialAction\":[{\"@type\":\"ReadAction\",\"target\":[\"https:\\\/\\\/www.statigeneralinnovazione.it\\\/stati-generali-dellinnovazione-presente-allevento-cafe-europa-2-incontro-su-strategia-europea-per-la-gioventu\\\/\"]}]},{\"@type\":\"ImageObject\",\"inLanguage\":\"en-GB\",\"@id\":\"https:\\\/\\\/www.statigeneralinnovazione.it\\\/stati-generali-dellinnovazione-presente-allevento-cafe-europa-2-incontro-su-strategia-europea-per-la-gioventu\\\/#primaryimage\",\"url\":\"https:\\\/\\\/www.statigeneralinnovazione.it\\\/wp-content\\\/uploads\\\/2025\\\/06\\\/SGI-Cafe-Europa-II-Incontro.jpg\",\"contentUrl\":\"https:\\\/\\\/www.statigeneralinnovazione.it\\\/wp-content\\\/uploads\\\/2025\\\/06\\\/SGI-Cafe-Europa-II-Incontro.jpg\",\"width\":940,\"height\":788},{\"@type\":\"BreadcrumbList\",\"@id\":\"https:\\\/\\\/www.statigeneralinnovazione.it\\\/stati-generali-dellinnovazione-presente-allevento-cafe-europa-2-incontro-su-strategia-europea-per-la-gioventu\\\/#breadcrumb\",\"itemListElement\":[{\"@type\":\"ListItem\",\"position\":1,\"name\":\"Home\",\"item\":\"https:\\\/\\\/www.statigeneralinnovazione.it\\\/\"},{\"@type\":\"ListItem\",\"position\":2,\"name\":\"Notizie\",\"item\":\"https:\\\/\\\/www.statigeneralinnovazione.it\\\/category\\\/notizie\\\/\"},{\"@type\":\"ListItem\",\"position\":3,\"name\":\"Eventi\",\"item\":\"https:\\\/\\\/www.statigeneralinnovazione.it\\\/category\\\/notizie\\\/eventi\\\/\"},{\"@type\":\"ListItem\",\"position\":4,\"name\":\"Stati Generali dell\u2019Innovazione presente all\u2019evento \u201cCaf\u00e8 Europa \u2013 2\u00b0 incontro su Strategia europea per la giovent\u00f9\u201d\"}]},{\"@type\":\"WebSite\",\"@id\":\"https:\\\/\\\/www.statigeneralinnovazione.it\\\/#website\",\"url\":\"https:\\\/\\\/www.statigeneralinnovazione.it\\\/\",\"name\":\"Stati Generali dell&#039;Innovazione\",\"description\":\"Insieme per innovare\",\"publisher\":{\"@id\":\"https:\\\/\\\/www.statigeneralinnovazione.it\\\/#organization\"},\"potentialAction\":[{\"@type\":\"SearchAction\",\"target\":{\"@type\":\"EntryPoint\",\"urlTemplate\":\"https:\\\/\\\/www.statigeneralinnovazione.it\\\/?s={search_term_string}\"},\"query-input\":{\"@type\":\"PropertyValueSpecification\",\"valueRequired\":true,\"valueName\":\"search_term_string\"}}],\"inLanguage\":\"en-GB\"},{\"@type\":\"Organization\",\"@id\":\"https:\\\/\\\/www.statigeneralinnovazione.it\\\/#organization\",\"name\":\"Stati Generali dell&#039;Innovazione\",\"url\":\"https:\\\/\\\/www.statigeneralinnovazione.it\\\/\",\"logo\":{\"@type\":\"ImageObject\",\"inLanguage\":\"en-GB\",\"@id\":\"https:\\\/\\\/www.statigeneralinnovazione.it\\\/#\\\/schema\\\/logo\\\/image\\\/\",\"url\":\"https:\\\/\\\/www.statigeneralinnovazione.it\\\/wp-content\\\/uploads\\\/2016\\\/10\\\/logo_sgi_retina_544x180.png\",\"contentUrl\":\"https:\\\/\\\/www.statigeneralinnovazione.it\\\/wp-content\\\/uploads\\\/2016\\\/10\\\/logo_sgi_retina_544x180.png\",\"width\":544,\"height\":180,\"caption\":\"Stati Generali dell&#039;Innovazione\"},\"image\":{\"@id\":\"https:\\\/\\\/www.statigeneralinnovazione.it\\\/#\\\/schema\\\/logo\\\/image\\\/\"}},{\"@type\":\"Person\",\"@id\":\"https:\\\/\\\/www.statigeneralinnovazione.it\\\/#\\\/schema\\\/person\\\/9414681ef73ea5550a15e27f44fdc687\",\"name\":\"Valentina Grazia Sapuppo\",\"image\":{\"@type\":\"ImageObject\",\"inLanguage\":\"en-GB\",\"@id\":\"https:\\\/\\\/www.statigeneralinnovazione.it\\\/wp-content\\\/uploads\\\/2025\\\/01\\\/1734968741900-150x150.jpeg\",\"url\":\"https:\\\/\\\/www.statigeneralinnovazione.it\\\/wp-content\\\/uploads\\\/2025\\\/01\\\/1734968741900-150x150.jpeg\",\"contentUrl\":\"https:\\\/\\\/www.statigeneralinnovazione.it\\\/wp-content\\\/uploads\\\/2025\\\/01\\\/1734968741900-150x150.jpeg\",\"caption\":\"Valentina Grazia Sapuppo\"},\"description\":\"Valentina Grazia Sapuppo \u2013 Avvocato e Informatico Professionista ai sensi della Legge 4\\\/2013, parte attiva di WOMEN IN TECH \u00ae GLOBAL MOVEMENT e di WOMEN FOR SECURITY, community di Cyberladies supportata dal Clusit, gi\u00e0 Funzionario Tecnico presso il Dipartimento Certificazione e Ispezione dell&#039;Ente Italiano di Accreditamento - ACCREDIA . Diplomata presso l\u2019Universit\u00e0 di Mendoza in Internet Governance &amp; Regulation. Esperta legale nel mondo digitale, Data Protection e Cybersecurity, \u00e8 specializzata in etica dell\u2019informazione e tutela del dato biometrico. Membro del Support Pool of Experts dell\u2019EDPB | Technical expertise in new technologies and information security \u2013 Legal expertise in new technologies, l\u2019Avv. Sapuppo \u00e8, altres\u00ec, International Privacy Expert Manager. Gi\u00e0 Maestro della Protezione dei Dati &amp; Data Protection Designer e Fellow presso L\u2019Istituto Italiano per la Privacy e la Valorizzazione del Dato \u2013 IIP. Svolge attivit\u00e0 di ricercatore indipendente nei settori della Data Protection, dell\u2019Intelligenza Artificiale, della Cybersecurity e della Blockchain ed \u00e8 Networker del Digital &amp; Law Department S.r.l. presso ANORC. Opera in qualit\u00e0 di Esperto Aggiunto presso UNINFO \u2013 Comitato UNI\\\/CT 533 in rappresentanza di SGI - Stati Generali dell&#039;Innovazione e Comitato UNI\\\/CT 526 in rappresentanza dell&#039;Associazione Informatici Professionisti [AIP - ITCS]. Individual Member Support presso Responsible Artificial Intelligence Institute \u2013 RAII. Membro ISC(2) International e del Chapter Italy, Membro Individuale di Cloud Security Alliance \u2013 CSA, ISACA, Membro dell&#039;Accademia Italiana del Codice di Internet - IAIC e di Internet Society \u2013 ISOC. NIST Cybersecurity &amp; Privacy Specialist, DPO Certificato UNI 11697, nonch\u00e8 Auditor\\\/Lead Auditor ISO\\\/IEC ISO\\\/IEC 27001:2022, 20000 \u2013 1:2019, 22301:2019, 9001:2015. Membro individuale in Futurium | European AI Alliance | European Commission, IEEE, ICANN, UNESCO e AI Standard Hub | The Alan Turing Institute. Former Associate presso ICT Legal Consulting, l\u2019Avv. Sapuppo attualmente opera nella qualit\u00e0 Chief Legal Compliance Officer, ICT Data Protection Certification Schemes Manager e quale Head of Academy Division, in Milano, presso ITEC - Istituto Tecnologico Europeo di Certificazione. IGF Resource Person, Socio Professionista presso Federaci\u00f3n Iberoamericana de Asociaciones de Derecho e Inform\u00e1tica A.C. [Uruguay], e Membro di OdiseIA [Madrid], Membro di ANIA - Alianza Nacional de Inteligencia Artificial e del Centro de Ciberseguridad Industrial-Industrial Cybersecurity Center - CCI [Madrid]. Responsabile delle relazioni internazionali e membro del Comitato tecnico del SAI \u2013 Sistemas Administrativos Inteligentes dell\u2019ANCBA \u2013 Academia Nacional de Ciencias de Buenos Aires, l\u2019Avv. Sapuppo \u00e8 altres\u00ec Rappresentante per l\u2019Italia della Revista de Ciencia de la Legislaci\u00f3n | Universidad del Salvador.\",\"sameAs\":[\"https:\\\/\\\/www.statigeneralinnovazione.it\\\/\"],\"url\":\"https:\\\/\\\/www.statigeneralinnovazione.it\\\/en\\\/author\\\/valentinagraziasapuppoproton-me\\\/\"}]}<\/script>\n<!-- \/ Yoast SEO Premium plugin. -->","yoast_head_json":{"title":"Stati Generali dell\u2019Innovazione presente all\u2019evento \u201cCaf\u00e8 Europa \u2013 2\u00b0 incontro su Strategia europea per la giovent\u00f9\u201d - Stati Generali dell&#039;Innovazione","robots":{"index":"index","follow":"follow","max-snippet":"max-snippet:-1","max-image-preview":"max-image-preview:large","max-video-preview":"max-video-preview:-1"},"canonical":"https:\/\/www.statigeneralinnovazione.it\/en\/stati-generali-dellinnovazione-presente-allevento-cafe-europa-2-incontro-su-strategia-europea-per-la-gioventu\/","schema":{"@context":"https:\/\/schema.org","@graph":[{"@type":"Article","@id":"https:\/\/www.statigeneralinnovazione.it\/stati-generali-dellinnovazione-presente-allevento-cafe-europa-2-incontro-su-strategia-europea-per-la-gioventu\/#article","isPartOf":{"@id":"https:\/\/www.statigeneralinnovazione.it\/stati-generali-dellinnovazione-presente-allevento-cafe-europa-2-incontro-su-strategia-europea-per-la-gioventu\/"},"author":{"name":"Valentina Grazia Sapuppo","@id":"https:\/\/www.statigeneralinnovazione.it\/#\/schema\/person\/9414681ef73ea5550a15e27f44fdc687"},"headline":"Stati Generali dell\u2019Innovazione presente all\u2019evento \u201cCaf\u00e8 Europa \u2013 2\u00b0 incontro su Strategia europea per la giovent\u00f9\u201d","datePublished":"2025-06-18T13:09:40+00:00","dateModified":"2025-06-18T13:09:42+00:00","mainEntityOfPage":{"@id":"https:\/\/www.statigeneralinnovazione.it\/stati-generali-dellinnovazione-presente-allevento-cafe-europa-2-incontro-su-strategia-europea-per-la-gioventu\/"},"wordCount":259,"commentCount":0,"publisher":{"@id":"https:\/\/www.statigeneralinnovazione.it\/#organization"},"image":{"@id":"https:\/\/www.statigeneralinnovazione.it\/stati-generali-dellinnovazione-presente-allevento-cafe-europa-2-incontro-su-strategia-europea-per-la-gioventu\/#primaryimage"},"thumbnailUrl":"https:\/\/www.statigeneralinnovazione.it\/wp-content\/uploads\/2025\/06\/SGI-Cafe-Europa-II-Incontro.jpg","keywords":["caf\u00e8 europa","giovani","Stati Generali dell'Innovazione"],"articleSection":["Eventi"],"inLanguage":"en-GB","potentialAction":[{"@type":"CommentAction","name":"Comment","target":["https:\/\/www.statigeneralinnovazione.it\/stati-generali-dellinnovazione-presente-allevento-cafe-europa-2-incontro-su-strategia-europea-per-la-gioventu\/#respond"]}]},{"@type":"WebPage","@id":"https:\/\/www.statigeneralinnovazione.it\/stati-generali-dellinnovazione-presente-allevento-cafe-europa-2-incontro-su-strategia-europea-per-la-gioventu\/","url":"https:\/\/www.statigeneralinnovazione.it\/stati-generali-dellinnovazione-presente-allevento-cafe-europa-2-incontro-su-strategia-europea-per-la-gioventu\/","name":"Stati Generali dell\u2019Innovazione presente all\u2019evento \u201cCaf\u00e8 Europa \u2013 2\u00b0 incontro su Strategia europea per la giovent\u00f9\u201d - Stati Generali dell&#039;Innovazione","isPartOf":{"@id":"https:\/\/www.statigeneralinnovazione.it\/#website"},"primaryImageOfPage":{"@id":"https:\/\/www.statigeneralinnovazione.it\/stati-generali-dellinnovazione-presente-allevento-cafe-europa-2-incontro-su-strategia-europea-per-la-gioventu\/#primaryimage"},"image":{"@id":"https:\/\/www.statigeneralinnovazione.it\/stati-generali-dellinnovazione-presente-allevento-cafe-europa-2-incontro-su-strategia-europea-per-la-gioventu\/#primaryimage"},"thumbnailUrl":"https:\/\/www.statigeneralinnovazione.it\/wp-content\/uploads\/2025\/06\/SGI-Cafe-Europa-II-Incontro.jpg","datePublished":"2025-06-18T13:09:40+00:00","dateModified":"2025-06-18T13:09:42+00:00","breadcrumb":{"@id":"https:\/\/www.statigeneralinnovazione.it\/stati-generali-dellinnovazione-presente-allevento-cafe-europa-2-incontro-su-strategia-europea-per-la-gioventu\/#breadcrumb"},"inLanguage":"en-GB","potentialAction":[{"@type":"ReadAction","target":["https:\/\/www.statigeneralinnovazione.it\/stati-generali-dellinnovazione-presente-allevento-cafe-europa-2-incontro-su-strategia-europea-per-la-gioventu\/"]}]},{"@type":"ImageObject","inLanguage":"en-GB","@id":"https:\/\/www.statigeneralinnovazione.it\/stati-generali-dellinnovazione-presente-allevento-cafe-europa-2-incontro-su-strategia-europea-per-la-gioventu\/#primaryimage","url":"https:\/\/www.statigeneralinnovazione.it\/wp-content\/uploads\/2025\/06\/SGI-Cafe-Europa-II-Incontro.jpg","contentUrl":"https:\/\/www.statigeneralinnovazione.it\/wp-content\/uploads\/2025\/06\/SGI-Cafe-Europa-II-Incontro.jpg","width":940,"height":788},{"@type":"BreadcrumbList","@id":"https:\/\/www.statigeneralinnovazione.it\/stati-generali-dellinnovazione-presente-allevento-cafe-europa-2-incontro-su-strategia-europea-per-la-gioventu\/#breadcrumb","itemListElement":[{"@type":"ListItem","position":1,"name":"Home","item":"https:\/\/www.statigeneralinnovazione.it\/"},{"@type":"ListItem","position":2,"name":"Notizie","item":"https:\/\/www.statigeneralinnovazione.it\/category\/notizie\/"},{"@type":"ListItem","position":3,"name":"Eventi","item":"https:\/\/www.statigeneralinnovazione.it\/category\/notizie\/eventi\/"},{"@type":"ListItem","position":4,"name":"Stati Generali dell\u2019Innovazione presente all\u2019evento \u201cCaf\u00e8 Europa \u2013 2\u00b0 incontro su Strategia europea per la giovent\u00f9\u201d"}]},{"@type":"WebSite","@id":"https:\/\/www.statigeneralinnovazione.it\/#website","url":"https:\/\/www.statigeneralinnovazione.it\/","name":"States General of Innovation","description":"Together to innovate","publisher":{"@id":"https:\/\/www.statigeneralinnovazione.it\/#organization"},"potentialAction":[{"@type":"SearchAction","target":{"@type":"EntryPoint","urlTemplate":"https:\/\/www.statigeneralinnovazione.it\/?s={search_term_string}"},"query-input":{"@type":"PropertyValueSpecification","valueRequired":true,"valueName":"search_term_string"}}],"inLanguage":"en-GB"},{"@type":"Organization","@id":"https:\/\/www.statigeneralinnovazione.it\/#organization","name":"States General of Innovation","url":"https:\/\/www.statigeneralinnovazione.it\/","logo":{"@type":"ImageObject","inLanguage":"en-GB","@id":"https:\/\/www.statigeneralinnovazione.it\/#\/schema\/logo\/image\/","url":"https:\/\/www.statigeneralinnovazione.it\/wp-content\/uploads\/2016\/10\/logo_sgi_retina_544x180.png","contentUrl":"https:\/\/www.statigeneralinnovazione.it\/wp-content\/uploads\/2016\/10\/logo_sgi_retina_544x180.png","width":544,"height":180,"caption":"Stati Generali dell&#039;Innovazione"},"image":{"@id":"https:\/\/www.statigeneralinnovazione.it\/#\/schema\/logo\/image\/"}},{"@type":"Person","@id":"https:\/\/www.statigeneralinnovazione.it\/#\/schema\/person\/9414681ef73ea5550a15e27f44fdc687","name":"Valentina Grazia Sapuppo","image":{"@type":"ImageObject","inLanguage":"en-GB","@id":"https:\/\/www.statigeneralinnovazione.it\/wp-content\/uploads\/2025\/01\/1734968741900-150x150.jpeg","url":"https:\/\/www.statigeneralinnovazione.it\/wp-content\/uploads\/2025\/01\/1734968741900-150x150.jpeg","contentUrl":"https:\/\/www.statigeneralinnovazione.it\/wp-content\/uploads\/2025\/01\/1734968741900-150x150.jpeg","caption":"Valentina Grazia Sapuppo"},"description":"Valentina Grazia Sapuppo \u2013 Avvocato e Informatico Professionista ai sensi della Legge 4\/2013, parte attiva di WOMEN IN TECH \u00ae GLOBAL MOVEMENT e di WOMEN FOR SECURITY, community di Cyberladies supportata dal Clusit, gi\u00e0 Funzionario Tecnico presso il Dipartimento Certificazione e Ispezione dell&#039;Ente Italiano di Accreditamento - ACCREDIA . Diplomata presso l\u2019Universit\u00e0 di Mendoza in Internet Governance &amp; Regulation. Esperta legale nel mondo digitale, Data Protection e Cybersecurity, \u00e8 specializzata in etica dell\u2019informazione e tutela del dato biometrico. Membro del Support Pool of Experts dell\u2019EDPB | Technical expertise in new technologies and information security \u2013 Legal expertise in new technologies, l\u2019Avv. Sapuppo \u00e8, altres\u00ec, International Privacy Expert Manager. Gi\u00e0 Maestro della Protezione dei Dati &amp; Data Protection Designer e Fellow presso L\u2019Istituto Italiano per la Privacy e la Valorizzazione del Dato \u2013 IIP. Svolge attivit\u00e0 di ricercatore indipendente nei settori della Data Protection, dell\u2019Intelligenza Artificiale, della Cybersecurity e della Blockchain ed \u00e8 Networker del Digital &amp; Law Department S.r.l. presso ANORC. Opera in qualit\u00e0 di Esperto Aggiunto presso UNINFO \u2013 Comitato UNI\/CT 533 in rappresentanza di SGI - Stati Generali dell&#039;Innovazione e Comitato UNI\/CT 526 in rappresentanza dell&#039;Associazione Informatici Professionisti [AIP - ITCS]. Individual Member Support presso Responsible Artificial Intelligence Institute \u2013 RAII. Membro ISC(2) International e del Chapter Italy, Membro Individuale di Cloud Security Alliance \u2013 CSA, ISACA, Membro dell&#039;Accademia Italiana del Codice di Internet - IAIC e di Internet Society \u2013 ISOC. NIST Cybersecurity &amp; Privacy Specialist, DPO Certificato UNI 11697, nonch\u00e8 Auditor\/Lead Auditor ISO\/IEC ISO\/IEC 27001:2022, 20000 \u2013 1:2019, 22301:2019, 9001:2015. Membro individuale in Futurium | European AI Alliance | European Commission, IEEE, ICANN, UNESCO e AI Standard Hub | The Alan Turing Institute. Former Associate presso ICT Legal Consulting, l\u2019Avv. Sapuppo attualmente opera nella qualit\u00e0 Chief Legal Compliance Officer, ICT Data Protection Certification Schemes Manager e quale Head of Academy Division, in Milano, presso ITEC - Istituto Tecnologico Europeo di Certificazione. IGF Resource Person, Socio Professionista presso Federaci\u00f3n Iberoamericana de Asociaciones de Derecho e Inform\u00e1tica A.C. [Uruguay], e Membro di OdiseIA [Madrid], Membro di ANIA - Alianza Nacional de Inteligencia Artificial e del Centro de Ciberseguridad Industrial-Industrial Cybersecurity Center - CCI [Madrid]. Responsabile delle relazioni internazionali e membro del Comitato tecnico del SAI \u2013 Sistemas Administrativos Inteligentes dell\u2019ANCBA \u2013 Academia Nacional de Ciencias de Buenos Aires, l\u2019Avv. Sapuppo \u00e8 altres\u00ec Rappresentante per l\u2019Italia della Revista de Ciencia de la Legislaci\u00f3n | Universidad del Salvador.","sameAs":["https:\/\/www.statigeneralinnovazione.it\/"],"url":"https:\/\/www.statigeneralinnovazione.it\/en\/author\/valentinagraziasapuppoproton-me\/"}]}},"_links":{"self":[{"href":"https:\/\/www.statigeneralinnovazione.it\/en\/wp-json\/wp\/v2\/posts\/19821","targetHints":{"allow":["GET"]}}],"collection":[{"href":"https:\/\/www.statigeneralinnovazione.it\/en\/wp-json\/wp\/v2\/posts"}],"about":[{"href":"https:\/\/www.statigeneralinnovazione.it\/en\/wp-json\/wp\/v2\/types\/post"}],"author":[{"embeddable":true,"href":"https:\/\/www.statigeneralinnovazione.it\/en\/wp-json\/wp\/v2\/users\/3579"}],"replies":[{"embeddable":true,"href":"https:\/\/www.statigeneralinnovazione.it\/en\/wp-json\/wp\/v2\/comments?post=19821"}],"version-history":[{"count":10,"href":"https:\/\/www.statigeneralinnovazione.it\/en\/wp-json\/wp\/v2\/posts\/19821\/revisions"}],"predecessor-version":[{"id":19833,"href":"https:\/\/www.statigeneralinnovazione.it\/en\/wp-json\/wp\/v2\/posts\/19821\/revisions\/19833"}],"wp:featuredmedia":[{"embeddable":true,"href":"https:\/\/www.statigeneralinnovazione.it\/en\/wp-json\/wp\/v2\/media\/19820"}],"wp:attachment":[{"href":"https:\/\/www.statigeneralinnovazione.it\/en\/wp-json\/wp\/v2\/media?parent=19821"}],"wp:term":[{"taxonomy":"category","embeddable":true,"href":"https:\/\/www.statigeneralinnovazione.it\/en\/wp-json\/wp\/v2\/categories?post=19821"},{"taxonomy":"post_tag","embeddable":true,"href":"https:\/\/www.statigeneralinnovazione.it\/en\/wp-json\/wp\/v2\/tags?post=19821"}],"curies":[{"name":"wp","href":"https:\/\/api.w.org\/{rel}","templated":true}]}}