{"id":19800,"date":"2025-06-04T20:11:57","date_gmt":"2025-06-04T18:11:57","guid":{"rendered":"https:\/\/www.statigeneralinnovazione.it\/?p=19800"},"modified":"2025-06-04T20:11:59","modified_gmt":"2025-06-04T18:11:59","slug":"gdpr-day-bologna-2025","status":"publish","type":"post","link":"https:\/\/www.statigeneralinnovazione.it\/en\/gdpr-day-bologna-2025\/","title":{"rendered":"GDPR DAY &#8211; Bologna 2025"},"content":{"rendered":"<p><img fetchpriority=\"high\" decoding=\"async\" class=\"wp-image-19799 aligncenter\" src=\"https:\/\/www.statigeneralinnovazione.it\/wp-content\/uploads\/2025\/06\/Unknown-300x300.jpg\" alt=\"\" width=\"430\" height=\"430\" srcset=\"https:\/\/www.statigeneralinnovazione.it\/wp-content\/uploads\/2025\/06\/Unknown-300x300.jpg 300w, https:\/\/www.statigeneralinnovazione.it\/wp-content\/uploads\/2025\/06\/Unknown-1024x1024.jpg 1024w, https:\/\/www.statigeneralinnovazione.it\/wp-content\/uploads\/2025\/06\/Unknown-150x150.jpg 150w, https:\/\/www.statigeneralinnovazione.it\/wp-content\/uploads\/2025\/06\/Unknown-768x768.jpg 768w, https:\/\/www.statigeneralinnovazione.it\/wp-content\/uploads\/2025\/06\/Unknown-12x12.jpg 12w, https:\/\/www.statigeneralinnovazione.it\/wp-content\/uploads\/2025\/06\/Unknown.jpg 1080w\" sizes=\"(max-width: 430px) 100vw, 430px\" \/><\/p>\n<div style=\"text-align: center\">Prendi parte al GDPR DAY 2025!<\/div>\n<div style=\"text-align: center\"><\/div>\n<div style=\"text-align: center\">Iscriviti a questo link<\/p>\n<div>\u00a0<a href=\"https:\/\/clubnazionalecyberprotection.it\/iscrizione-alla-conferenza-gdpr-day-2025\/\" target=\"_blank\" rel=\"noreferrer nofollow noopener\">https:\/\/clubnazionalecyberprotection.it\/iscrizione-alla-conferenza-gdpr-day-2025\/<\/a><\/div>\n<p>per partecipare il 28 e il 29 ottobre alla Conferenza Nazionale!<\/p><\/div>\n<div><\/div>\n<div style=\"text-align: center\">Per i <strong>SGI Members<\/strong> \u00e8 previsto un <strong>coupon sconto<\/strong><\/p>\n<div>valido su tutte le tipologie di biglietto<\/div>\n<div>cumulabile con le promozioni attive al momento dell&#8217;acquisto!<\/div>\n<\/div>\n<div><\/div>\n<div style=\"text-align: center\">Contattaci per saperne di pi\u00f9!<\/div>\n<div style=\"text-align: center\"><\/div>\n<div style=\"text-align: center\">We are waiting for you!<\/div>\n<div style=\"text-align: center\"><\/div>\n<div><\/div>","protected":false},"excerpt":{"rendered":"<p>Conferenza Nazionale, con il Patrocinio di Stati Generali dell&#8217;innovazione<\/p>","protected":false},"author":3579,"featured_media":19799,"comment_status":"open","ping_status":"closed","sticky":false,"template":"","format":"standard","meta":{"site-sidebar-layout":"default","site-content-layout":"","ast-site-content-layout":"default","site-content-style":"default","site-sidebar-style":"default","ast-global-header-display":"","ast-banner-title-visibility":"","ast-main-header-display":"","ast-hfb-above-header-display":"","ast-hfb-below-header-display":"","ast-hfb-mobile-header-display":"","site-post-title":"","ast-breadcrumbs-content":"","ast-featured-img":"","footer-sml-layout":"","ast-disable-related-posts":"","theme-transparent-header-meta":"","adv-header-id-meta":"","stick-header-meta":"","header-above-stick-meta":"","header-main-stick-meta":"","header-below-stick-meta":"","astra-migrate-meta-layouts":"set","ast-page-background-enabled":"default","ast-page-background-meta":{"desktop":{"background-color":"var(--ast-global-color-4)","background-image":"","background-repeat":"repeat","background-position":"center center","background-size":"auto","background-attachment":"scroll","background-type":"","background-media":"","overlay-type":"","overlay-color":"","overlay-opacity":"","overlay-gradient":""},"tablet":{"background-color":"","background-image":"","background-repeat":"repeat","background-position":"center center","background-size":"auto","background-attachment":"scroll","background-type":"","background-media":"","overlay-type":"","overlay-color":"","overlay-opacity":"","overlay-gradient":""},"mobile":{"background-color":"","background-image":"","background-repeat":"repeat","background-position":"center center","background-size":"auto","background-attachment":"scroll","background-type":"","background-media":"","overlay-type":"","overlay-color":"","overlay-opacity":"","overlay-gradient":""}},"ast-content-background-meta":{"desktop":{"background-color":"var(--ast-global-color-5)","background-image":"","background-repeat":"repeat","background-position":"center center","background-size":"auto","background-attachment":"scroll","background-type":"","background-media":"","overlay-type":"","overlay-color":"","overlay-opacity":"","overlay-gradient":""},"tablet":{"background-color":"var(--ast-global-color-5)","background-image":"","background-repeat":"repeat","background-position":"center center","background-size":"auto","background-attachment":"scroll","background-type":"","background-media":"","overlay-type":"","overlay-color":"","overlay-opacity":"","overlay-gradient":""},"mobile":{"background-color":"var(--ast-global-color-5)","background-image":"","background-repeat":"repeat","background-position":"center center","background-size":"auto","background-attachment":"scroll","background-type":"","background-media":"","overlay-type":"","overlay-color":"","overlay-opacity":"","overlay-gradient":""}},"footnotes":""},"categories":[99],"tags":[935,934,500],"class_list":["post-19800","post","type-post","status-publish","format-standard","has-post-thumbnail","hentry","category-eventi","tag-bologna-2025","tag-gdpr-day","tag-stati-generali-dellinnovazione"],"yoast_head":"<!-- This site is optimized with the Yoast SEO Premium plugin v21.1 (Yoast SEO v27.4) - https:\/\/yoast.com\/product\/yoast-seo-premium-wordpress\/ -->\n<title>GDPR DAY - Bologna 2025 - Stati Generali dell&#039;Innovazione<\/title>\n<meta name=\"robots\" content=\"index, follow, max-snippet:-1, max-image-preview:large, max-video-preview:-1\" \/>\n<link rel=\"canonical\" href=\"https:\/\/www.statigeneralinnovazione.it\/en\/gdpr-day-bologna-2025\/\" \/>\n<script type=\"application\/ld+json\" class=\"yoast-schema-graph\">{\"@context\":\"https:\\\/\\\/schema.org\",\"@graph\":[{\"@type\":\"Article\",\"@id\":\"https:\\\/\\\/www.statigeneralinnovazione.it\\\/gdpr-day-bologna-2025\\\/#article\",\"isPartOf\":{\"@id\":\"https:\\\/\\\/www.statigeneralinnovazione.it\\\/gdpr-day-bologna-2025\\\/\"},\"author\":{\"name\":\"Valentina Grazia Sapuppo\",\"@id\":\"https:\\\/\\\/www.statigeneralinnovazione.it\\\/#\\\/schema\\\/person\\\/9414681ef73ea5550a15e27f44fdc687\"},\"headline\":\"GDPR DAY &#8211; Bologna 2025\",\"datePublished\":\"2025-06-04T18:11:57+00:00\",\"dateModified\":\"2025-06-04T18:11:59+00:00\",\"mainEntityOfPage\":{\"@id\":\"https:\\\/\\\/www.statigeneralinnovazione.it\\\/gdpr-day-bologna-2025\\\/\"},\"wordCount\":57,\"commentCount\":0,\"publisher\":{\"@id\":\"https:\\\/\\\/www.statigeneralinnovazione.it\\\/#organization\"},\"image\":{\"@id\":\"https:\\\/\\\/www.statigeneralinnovazione.it\\\/gdpr-day-bologna-2025\\\/#primaryimage\"},\"thumbnailUrl\":\"https:\\\/\\\/www.statigeneralinnovazione.it\\\/wp-content\\\/uploads\\\/2025\\\/06\\\/Unknown.jpg\",\"keywords\":[\"bologna 2025\",\"GDPR day\",\"Stati Generali dell'Innovazione\"],\"articleSection\":[\"Eventi\"],\"inLanguage\":\"en-GB\",\"potentialAction\":[{\"@type\":\"CommentAction\",\"name\":\"Comment\",\"target\":[\"https:\\\/\\\/www.statigeneralinnovazione.it\\\/gdpr-day-bologna-2025\\\/#respond\"]}]},{\"@type\":\"WebPage\",\"@id\":\"https:\\\/\\\/www.statigeneralinnovazione.it\\\/gdpr-day-bologna-2025\\\/\",\"url\":\"https:\\\/\\\/www.statigeneralinnovazione.it\\\/gdpr-day-bologna-2025\\\/\",\"name\":\"GDPR DAY - Bologna 2025 - Stati Generali dell&#039;Innovazione\",\"isPartOf\":{\"@id\":\"https:\\\/\\\/www.statigeneralinnovazione.it\\\/#website\"},\"primaryImageOfPage\":{\"@id\":\"https:\\\/\\\/www.statigeneralinnovazione.it\\\/gdpr-day-bologna-2025\\\/#primaryimage\"},\"image\":{\"@id\":\"https:\\\/\\\/www.statigeneralinnovazione.it\\\/gdpr-day-bologna-2025\\\/#primaryimage\"},\"thumbnailUrl\":\"https:\\\/\\\/www.statigeneralinnovazione.it\\\/wp-content\\\/uploads\\\/2025\\\/06\\\/Unknown.jpg\",\"datePublished\":\"2025-06-04T18:11:57+00:00\",\"dateModified\":\"2025-06-04T18:11:59+00:00\",\"breadcrumb\":{\"@id\":\"https:\\\/\\\/www.statigeneralinnovazione.it\\\/gdpr-day-bologna-2025\\\/#breadcrumb\"},\"inLanguage\":\"en-GB\",\"potentialAction\":[{\"@type\":\"ReadAction\",\"target\":[\"https:\\\/\\\/www.statigeneralinnovazione.it\\\/gdpr-day-bologna-2025\\\/\"]}]},{\"@type\":\"ImageObject\",\"inLanguage\":\"en-GB\",\"@id\":\"https:\\\/\\\/www.statigeneralinnovazione.it\\\/gdpr-day-bologna-2025\\\/#primaryimage\",\"url\":\"https:\\\/\\\/www.statigeneralinnovazione.it\\\/wp-content\\\/uploads\\\/2025\\\/06\\\/Unknown.jpg\",\"contentUrl\":\"https:\\\/\\\/www.statigeneralinnovazione.it\\\/wp-content\\\/uploads\\\/2025\\\/06\\\/Unknown.jpg\",\"width\":1080,\"height\":1080},{\"@type\":\"BreadcrumbList\",\"@id\":\"https:\\\/\\\/www.statigeneralinnovazione.it\\\/gdpr-day-bologna-2025\\\/#breadcrumb\",\"itemListElement\":[{\"@type\":\"ListItem\",\"position\":1,\"name\":\"Home\",\"item\":\"https:\\\/\\\/www.statigeneralinnovazione.it\\\/\"},{\"@type\":\"ListItem\",\"position\":2,\"name\":\"Notizie\",\"item\":\"https:\\\/\\\/www.statigeneralinnovazione.it\\\/category\\\/notizie\\\/\"},{\"@type\":\"ListItem\",\"position\":3,\"name\":\"Eventi\",\"item\":\"https:\\\/\\\/www.statigeneralinnovazione.it\\\/category\\\/notizie\\\/eventi\\\/\"},{\"@type\":\"ListItem\",\"position\":4,\"name\":\"GDPR DAY &#8211; Bologna 2025\"}]},{\"@type\":\"WebSite\",\"@id\":\"https:\\\/\\\/www.statigeneralinnovazione.it\\\/#website\",\"url\":\"https:\\\/\\\/www.statigeneralinnovazione.it\\\/\",\"name\":\"Stati Generali dell&#039;Innovazione\",\"description\":\"Insieme per innovare\",\"publisher\":{\"@id\":\"https:\\\/\\\/www.statigeneralinnovazione.it\\\/#organization\"},\"potentialAction\":[{\"@type\":\"SearchAction\",\"target\":{\"@type\":\"EntryPoint\",\"urlTemplate\":\"https:\\\/\\\/www.statigeneralinnovazione.it\\\/?s={search_term_string}\"},\"query-input\":{\"@type\":\"PropertyValueSpecification\",\"valueRequired\":true,\"valueName\":\"search_term_string\"}}],\"inLanguage\":\"en-GB\"},{\"@type\":\"Organization\",\"@id\":\"https:\\\/\\\/www.statigeneralinnovazione.it\\\/#organization\",\"name\":\"Stati Generali dell&#039;Innovazione\",\"url\":\"https:\\\/\\\/www.statigeneralinnovazione.it\\\/\",\"logo\":{\"@type\":\"ImageObject\",\"inLanguage\":\"en-GB\",\"@id\":\"https:\\\/\\\/www.statigeneralinnovazione.it\\\/#\\\/schema\\\/logo\\\/image\\\/\",\"url\":\"https:\\\/\\\/www.statigeneralinnovazione.it\\\/wp-content\\\/uploads\\\/2016\\\/10\\\/logo_sgi_retina_544x180.png\",\"contentUrl\":\"https:\\\/\\\/www.statigeneralinnovazione.it\\\/wp-content\\\/uploads\\\/2016\\\/10\\\/logo_sgi_retina_544x180.png\",\"width\":544,\"height\":180,\"caption\":\"Stati Generali dell&#039;Innovazione\"},\"image\":{\"@id\":\"https:\\\/\\\/www.statigeneralinnovazione.it\\\/#\\\/schema\\\/logo\\\/image\\\/\"}},{\"@type\":\"Person\",\"@id\":\"https:\\\/\\\/www.statigeneralinnovazione.it\\\/#\\\/schema\\\/person\\\/9414681ef73ea5550a15e27f44fdc687\",\"name\":\"Valentina Grazia Sapuppo\",\"image\":{\"@type\":\"ImageObject\",\"inLanguage\":\"en-GB\",\"@id\":\"https:\\\/\\\/www.statigeneralinnovazione.it\\\/wp-content\\\/uploads\\\/2025\\\/01\\\/1734968741900-150x150.jpeg\",\"url\":\"https:\\\/\\\/www.statigeneralinnovazione.it\\\/wp-content\\\/uploads\\\/2025\\\/01\\\/1734968741900-150x150.jpeg\",\"contentUrl\":\"https:\\\/\\\/www.statigeneralinnovazione.it\\\/wp-content\\\/uploads\\\/2025\\\/01\\\/1734968741900-150x150.jpeg\",\"caption\":\"Valentina Grazia Sapuppo\"},\"description\":\"Valentina Grazia Sapuppo \u2013 Avvocato e Informatico Professionista ai sensi della Legge 4\\\/2013, parte attiva di WOMEN IN TECH \u00ae GLOBAL MOVEMENT e di WOMEN FOR SECURITY, community di Cyberladies supportata dal Clusit, gi\u00e0 Funzionario Tecnico presso il Dipartimento Certificazione e Ispezione dell&#039;Ente Italiano di Accreditamento - ACCREDIA . Diplomata presso l\u2019Universit\u00e0 di Mendoza in Internet Governance &amp; Regulation. Esperta legale nel mondo digitale, Data Protection e Cybersecurity, \u00e8 specializzata in etica dell\u2019informazione e tutela del dato biometrico. Membro del Support Pool of Experts dell\u2019EDPB | Technical expertise in new technologies and information security \u2013 Legal expertise in new technologies, l\u2019Avv. Sapuppo \u00e8, altres\u00ec, International Privacy Expert Manager. Gi\u00e0 Maestro della Protezione dei Dati &amp; Data Protection Designer e Fellow presso L\u2019Istituto Italiano per la Privacy e la Valorizzazione del Dato \u2013 IIP. Svolge attivit\u00e0 di ricercatore indipendente nei settori della Data Protection, dell\u2019Intelligenza Artificiale, della Cybersecurity e della Blockchain ed \u00e8 Networker del Digital &amp; Law Department S.r.l. presso ANORC. Opera in qualit\u00e0 di Esperto Aggiunto presso UNINFO \u2013 Comitato UNI\\\/CT 533 in rappresentanza di SGI - Stati Generali dell&#039;Innovazione e Comitato UNI\\\/CT 526 in rappresentanza dell&#039;Associazione Informatici Professionisti [AIP - ITCS]. Individual Member Support presso Responsible Artificial Intelligence Institute \u2013 RAII. Membro ISC(2) International e del Chapter Italy, Membro Individuale di Cloud Security Alliance \u2013 CSA, ISACA, Membro dell&#039;Accademia Italiana del Codice di Internet - IAIC e di Internet Society \u2013 ISOC. NIST Cybersecurity &amp; Privacy Specialist, DPO Certificato UNI 11697, nonch\u00e8 Auditor\\\/Lead Auditor ISO\\\/IEC ISO\\\/IEC 27001:2022, 20000 \u2013 1:2019, 22301:2019, 9001:2015. Membro individuale in Futurium | European AI Alliance | European Commission, IEEE, ICANN, UNESCO e AI Standard Hub | The Alan Turing Institute. Former Associate presso ICT Legal Consulting, l\u2019Avv. Sapuppo attualmente opera nella qualit\u00e0 Chief Legal Compliance Officer, ICT Data Protection Certification Schemes Manager e quale Head of Academy Division, in Milano, presso ITEC - Istituto Tecnologico Europeo di Certificazione. IGF Resource Person, Socio Professionista presso Federaci\u00f3n Iberoamericana de Asociaciones de Derecho e Inform\u00e1tica A.C. [Uruguay], e Membro di OdiseIA [Madrid], Membro di ANIA - Alianza Nacional de Inteligencia Artificial e del Centro de Ciberseguridad Industrial-Industrial Cybersecurity Center - CCI [Madrid]. Responsabile delle relazioni internazionali e membro del Comitato tecnico del SAI \u2013 Sistemas Administrativos Inteligentes dell\u2019ANCBA \u2013 Academia Nacional de Ciencias de Buenos Aires, l\u2019Avv. Sapuppo \u00e8 altres\u00ec Rappresentante per l\u2019Italia della Revista de Ciencia de la Legislaci\u00f3n | Universidad del Salvador.\",\"sameAs\":[\"https:\\\/\\\/www.statigeneralinnovazione.it\\\/\"],\"url\":\"https:\\\/\\\/www.statigeneralinnovazione.it\\\/en\\\/author\\\/valentinagraziasapuppoproton-me\\\/\"}]}<\/script>\n<!-- \/ Yoast SEO Premium plugin. -->","yoast_head_json":{"title":"GDPR DAY - Bologna 2025 - Stati Generali dell&#039;Innovazione","robots":{"index":"index","follow":"follow","max-snippet":"max-snippet:-1","max-image-preview":"max-image-preview:large","max-video-preview":"max-video-preview:-1"},"canonical":"https:\/\/www.statigeneralinnovazione.it\/en\/gdpr-day-bologna-2025\/","schema":{"@context":"https:\/\/schema.org","@graph":[{"@type":"Article","@id":"https:\/\/www.statigeneralinnovazione.it\/gdpr-day-bologna-2025\/#article","isPartOf":{"@id":"https:\/\/www.statigeneralinnovazione.it\/gdpr-day-bologna-2025\/"},"author":{"name":"Valentina Grazia Sapuppo","@id":"https:\/\/www.statigeneralinnovazione.it\/#\/schema\/person\/9414681ef73ea5550a15e27f44fdc687"},"headline":"GDPR DAY &#8211; Bologna 2025","datePublished":"2025-06-04T18:11:57+00:00","dateModified":"2025-06-04T18:11:59+00:00","mainEntityOfPage":{"@id":"https:\/\/www.statigeneralinnovazione.it\/gdpr-day-bologna-2025\/"},"wordCount":57,"commentCount":0,"publisher":{"@id":"https:\/\/www.statigeneralinnovazione.it\/#organization"},"image":{"@id":"https:\/\/www.statigeneralinnovazione.it\/gdpr-day-bologna-2025\/#primaryimage"},"thumbnailUrl":"https:\/\/www.statigeneralinnovazione.it\/wp-content\/uploads\/2025\/06\/Unknown.jpg","keywords":["bologna 2025","GDPR day","Stati Generali dell'Innovazione"],"articleSection":["Eventi"],"inLanguage":"en-GB","potentialAction":[{"@type":"CommentAction","name":"Comment","target":["https:\/\/www.statigeneralinnovazione.it\/gdpr-day-bologna-2025\/#respond"]}]},{"@type":"WebPage","@id":"https:\/\/www.statigeneralinnovazione.it\/gdpr-day-bologna-2025\/","url":"https:\/\/www.statigeneralinnovazione.it\/gdpr-day-bologna-2025\/","name":"GDPR DAY - Bologna 2025 - Stati Generali dell&#039;Innovazione","isPartOf":{"@id":"https:\/\/www.statigeneralinnovazione.it\/#website"},"primaryImageOfPage":{"@id":"https:\/\/www.statigeneralinnovazione.it\/gdpr-day-bologna-2025\/#primaryimage"},"image":{"@id":"https:\/\/www.statigeneralinnovazione.it\/gdpr-day-bologna-2025\/#primaryimage"},"thumbnailUrl":"https:\/\/www.statigeneralinnovazione.it\/wp-content\/uploads\/2025\/06\/Unknown.jpg","datePublished":"2025-06-04T18:11:57+00:00","dateModified":"2025-06-04T18:11:59+00:00","breadcrumb":{"@id":"https:\/\/www.statigeneralinnovazione.it\/gdpr-day-bologna-2025\/#breadcrumb"},"inLanguage":"en-GB","potentialAction":[{"@type":"ReadAction","target":["https:\/\/www.statigeneralinnovazione.it\/gdpr-day-bologna-2025\/"]}]},{"@type":"ImageObject","inLanguage":"en-GB","@id":"https:\/\/www.statigeneralinnovazione.it\/gdpr-day-bologna-2025\/#primaryimage","url":"https:\/\/www.statigeneralinnovazione.it\/wp-content\/uploads\/2025\/06\/Unknown.jpg","contentUrl":"https:\/\/www.statigeneralinnovazione.it\/wp-content\/uploads\/2025\/06\/Unknown.jpg","width":1080,"height":1080},{"@type":"BreadcrumbList","@id":"https:\/\/www.statigeneralinnovazione.it\/gdpr-day-bologna-2025\/#breadcrumb","itemListElement":[{"@type":"ListItem","position":1,"name":"Home","item":"https:\/\/www.statigeneralinnovazione.it\/"},{"@type":"ListItem","position":2,"name":"Notizie","item":"https:\/\/www.statigeneralinnovazione.it\/category\/notizie\/"},{"@type":"ListItem","position":3,"name":"Eventi","item":"https:\/\/www.statigeneralinnovazione.it\/category\/notizie\/eventi\/"},{"@type":"ListItem","position":4,"name":"GDPR DAY &#8211; Bologna 2025"}]},{"@type":"WebSite","@id":"https:\/\/www.statigeneralinnovazione.it\/#website","url":"https:\/\/www.statigeneralinnovazione.it\/","name":"States General of Innovation","description":"Together to innovate","publisher":{"@id":"https:\/\/www.statigeneralinnovazione.it\/#organization"},"potentialAction":[{"@type":"SearchAction","target":{"@type":"EntryPoint","urlTemplate":"https:\/\/www.statigeneralinnovazione.it\/?s={search_term_string}"},"query-input":{"@type":"PropertyValueSpecification","valueRequired":true,"valueName":"search_term_string"}}],"inLanguage":"en-GB"},{"@type":"Organization","@id":"https:\/\/www.statigeneralinnovazione.it\/#organization","name":"States General of Innovation","url":"https:\/\/www.statigeneralinnovazione.it\/","logo":{"@type":"ImageObject","inLanguage":"en-GB","@id":"https:\/\/www.statigeneralinnovazione.it\/#\/schema\/logo\/image\/","url":"https:\/\/www.statigeneralinnovazione.it\/wp-content\/uploads\/2016\/10\/logo_sgi_retina_544x180.png","contentUrl":"https:\/\/www.statigeneralinnovazione.it\/wp-content\/uploads\/2016\/10\/logo_sgi_retina_544x180.png","width":544,"height":180,"caption":"Stati Generali dell&#039;Innovazione"},"image":{"@id":"https:\/\/www.statigeneralinnovazione.it\/#\/schema\/logo\/image\/"}},{"@type":"Person","@id":"https:\/\/www.statigeneralinnovazione.it\/#\/schema\/person\/9414681ef73ea5550a15e27f44fdc687","name":"Valentina Grazia Sapuppo","image":{"@type":"ImageObject","inLanguage":"en-GB","@id":"https:\/\/www.statigeneralinnovazione.it\/wp-content\/uploads\/2025\/01\/1734968741900-150x150.jpeg","url":"https:\/\/www.statigeneralinnovazione.it\/wp-content\/uploads\/2025\/01\/1734968741900-150x150.jpeg","contentUrl":"https:\/\/www.statigeneralinnovazione.it\/wp-content\/uploads\/2025\/01\/1734968741900-150x150.jpeg","caption":"Valentina Grazia Sapuppo"},"description":"Valentina Grazia Sapuppo \u2013 Avvocato e Informatico Professionista ai sensi della Legge 4\/2013, parte attiva di WOMEN IN TECH \u00ae GLOBAL MOVEMENT e di WOMEN FOR SECURITY, community di Cyberladies supportata dal Clusit, gi\u00e0 Funzionario Tecnico presso il Dipartimento Certificazione e Ispezione dell&#039;Ente Italiano di Accreditamento - ACCREDIA . Diplomata presso l\u2019Universit\u00e0 di Mendoza in Internet Governance &amp; Regulation. Esperta legale nel mondo digitale, Data Protection e Cybersecurity, \u00e8 specializzata in etica dell\u2019informazione e tutela del dato biometrico. Membro del Support Pool of Experts dell\u2019EDPB | Technical expertise in new technologies and information security \u2013 Legal expertise in new technologies, l\u2019Avv. Sapuppo \u00e8, altres\u00ec, International Privacy Expert Manager. Gi\u00e0 Maestro della Protezione dei Dati &amp; Data Protection Designer e Fellow presso L\u2019Istituto Italiano per la Privacy e la Valorizzazione del Dato \u2013 IIP. Svolge attivit\u00e0 di ricercatore indipendente nei settori della Data Protection, dell\u2019Intelligenza Artificiale, della Cybersecurity e della Blockchain ed \u00e8 Networker del Digital &amp; Law Department S.r.l. presso ANORC. Opera in qualit\u00e0 di Esperto Aggiunto presso UNINFO \u2013 Comitato UNI\/CT 533 in rappresentanza di SGI - Stati Generali dell&#039;Innovazione e Comitato UNI\/CT 526 in rappresentanza dell&#039;Associazione Informatici Professionisti [AIP - ITCS]. Individual Member Support presso Responsible Artificial Intelligence Institute \u2013 RAII. Membro ISC(2) International e del Chapter Italy, Membro Individuale di Cloud Security Alliance \u2013 CSA, ISACA, Membro dell&#039;Accademia Italiana del Codice di Internet - IAIC e di Internet Society \u2013 ISOC. NIST Cybersecurity &amp; Privacy Specialist, DPO Certificato UNI 11697, nonch\u00e8 Auditor\/Lead Auditor ISO\/IEC ISO\/IEC 27001:2022, 20000 \u2013 1:2019, 22301:2019, 9001:2015. Membro individuale in Futurium | European AI Alliance | European Commission, IEEE, ICANN, UNESCO e AI Standard Hub | The Alan Turing Institute. Former Associate presso ICT Legal Consulting, l\u2019Avv. Sapuppo attualmente opera nella qualit\u00e0 Chief Legal Compliance Officer, ICT Data Protection Certification Schemes Manager e quale Head of Academy Division, in Milano, presso ITEC - Istituto Tecnologico Europeo di Certificazione. IGF Resource Person, Socio Professionista presso Federaci\u00f3n Iberoamericana de Asociaciones de Derecho e Inform\u00e1tica A.C. [Uruguay], e Membro di OdiseIA [Madrid], Membro di ANIA - Alianza Nacional de Inteligencia Artificial e del Centro de Ciberseguridad Industrial-Industrial Cybersecurity Center - CCI [Madrid]. Responsabile delle relazioni internazionali e membro del Comitato tecnico del SAI \u2013 Sistemas Administrativos Inteligentes dell\u2019ANCBA \u2013 Academia Nacional de Ciencias de Buenos Aires, l\u2019Avv. Sapuppo \u00e8 altres\u00ec Rappresentante per l\u2019Italia della Revista de Ciencia de la Legislaci\u00f3n | Universidad del Salvador.","sameAs":["https:\/\/www.statigeneralinnovazione.it\/"],"url":"https:\/\/www.statigeneralinnovazione.it\/en\/author\/valentinagraziasapuppoproton-me\/"}]}},"_links":{"self":[{"href":"https:\/\/www.statigeneralinnovazione.it\/en\/wp-json\/wp\/v2\/posts\/19800","targetHints":{"allow":["GET"]}}],"collection":[{"href":"https:\/\/www.statigeneralinnovazione.it\/en\/wp-json\/wp\/v2\/posts"}],"about":[{"href":"https:\/\/www.statigeneralinnovazione.it\/en\/wp-json\/wp\/v2\/types\/post"}],"author":[{"embeddable":true,"href":"https:\/\/www.statigeneralinnovazione.it\/en\/wp-json\/wp\/v2\/users\/3579"}],"replies":[{"embeddable":true,"href":"https:\/\/www.statigeneralinnovazione.it\/en\/wp-json\/wp\/v2\/comments?post=19800"}],"version-history":[{"count":8,"href":"https:\/\/www.statigeneralinnovazione.it\/en\/wp-json\/wp\/v2\/posts\/19800\/revisions"}],"predecessor-version":[{"id":19808,"href":"https:\/\/www.statigeneralinnovazione.it\/en\/wp-json\/wp\/v2\/posts\/19800\/revisions\/19808"}],"wp:featuredmedia":[{"embeddable":true,"href":"https:\/\/www.statigeneralinnovazione.it\/en\/wp-json\/wp\/v2\/media\/19799"}],"wp:attachment":[{"href":"https:\/\/www.statigeneralinnovazione.it\/en\/wp-json\/wp\/v2\/media?parent=19800"}],"wp:term":[{"taxonomy":"category","embeddable":true,"href":"https:\/\/www.statigeneralinnovazione.it\/en\/wp-json\/wp\/v2\/categories?post=19800"},{"taxonomy":"post_tag","embeddable":true,"href":"https:\/\/www.statigeneralinnovazione.it\/en\/wp-json\/wp\/v2\/tags?post=19800"}],"curies":[{"name":"wp","href":"https:\/\/api.w.org\/{rel}","templated":true}]}}