{"id":19416,"date":"2025-03-20T23:59:05","date_gmt":"2025-03-20T22:59:05","guid":{"rendered":"https:\/\/www.statigeneralinnovazione.it\/?p=19416"},"modified":"2025-03-20T23:59:08","modified_gmt":"2025-03-20T22:59:08","slug":"lavvento-dellintelligenza-artificiale-limportanza-di-un-approccio-armonizzato","status":"publish","type":"post","link":"https:\/\/www.statigeneralinnovazione.it\/en\/lavvento-dellintelligenza-artificiale-limportanza-di-un-approccio-armonizzato\/","title":{"rendered":"L&#8217;avvento dell&#8217;Intelligenza Artificiale &#8211; L&#8217;importanza di un approccio armonizzato"},"content":{"rendered":"<img fetchpriority=\"high\" decoding=\"async\" class=\"wp-image-19484 aligncenter\" src=\"https:\/\/www.statigeneralinnovazione.it\/wp-content\/uploads\/2025\/03\/Lavvento-dellIntelligenza-Artificiale-2-300x251.png\" alt=\"\" width=\"431\" height=\"361\" srcset=\"https:\/\/www.statigeneralinnovazione.it\/wp-content\/uploads\/2025\/03\/Lavvento-dellIntelligenza-Artificiale-2-300x251.png 300w, https:\/\/www.statigeneralinnovazione.it\/wp-content\/uploads\/2025\/03\/Lavvento-dellIntelligenza-Artificiale-2-150x126.png 150w, https:\/\/www.statigeneralinnovazione.it\/wp-content\/uploads\/2025\/03\/Lavvento-dellIntelligenza-Artificiale-2-768x644.png 768w, https:\/\/www.statigeneralinnovazione.it\/wp-content\/uploads\/2025\/03\/Lavvento-dellIntelligenza-Artificiale-2-14x12.png 14w, https:\/\/www.statigeneralinnovazione.it\/wp-content\/uploads\/2025\/03\/Lavvento-dellIntelligenza-Artificiale-2.png 940w\" sizes=\"(max-width: 431px) 100vw, 431px\" \/>\r\n<p style=\"font-weight: 400\">L&#8217;avvento dell&#8217;Intelligenza Artificiale (AI) rappresenta una delle pi\u00f9 significative rivoluzioni tecnologiche del nostro tempo, con implicazioni che spaziano dalla vita quotidiana alla ricerca scientifica, dall&#8217;economia globale ai modelli di governance.<\/p>\r\n<p style=\"font-weight: 400\">Questo evento si propone di esplorare gli Standard Internazionali e l\u2019attuale sforzo di armonizzazione degli stessi con l&#8217;AI Act, il Regolamento sull\u2019Intelligenza Artificiale dell&#8217;Unione Europea.<\/p>\r\n<p style=\"font-weight: 400\">L&#8217;Italia ha giocato un ruolo significativo nello sviluppo degli standard internazionali per l&#8217;intelligenza artificiale, come evidenziato dall\u2019impegno verso la ISO\/IEC 42001:2023!<\/p>\r\n<p style=\"font-weight: 400\">La partecipazione attiva degli esperti italiani in questi processi normativi ha permesso di integrare le esperienze locali con le migliori pratiche globali, contribuendo allo sviluppo di framework che supportano l&#8217;innovazione e la crescita sostenibile nel settore dell&#8217;AI.<\/p>\r\n<p style=\"font-weight: 400\">Unisciti a noi per conoscere alcuni degli Esperti che supportano le attivit\u00e0 della Commissione UNI\/CT 533 di UNINFO!<\/p>\r\n<p style=\"font-weight: 400;text-align: center\"><strong>Temi e Relatori<\/strong><\/p>\r\n<p style=\"font-weight: 400;text-align: center\"><strong>Saluti Istituzionali<\/strong><\/p>\r\n\r\n<ul>\r\n \t<li><strong>Domenico Squillace \u2013 Presidente UNINFO UNI\/CT 533<\/strong><\/li>\r\n \t<li><strong>Fulvio Ananasso \u2013 Presidente SGI<\/strong><\/li>\r\n<\/ul>\r\n<p style=\"font-weight: 400;text-align: center\"><strong>Speakers:<\/strong><\/p>\r\n\r\n<ul>\r\n \t<li><strong>Helen Carnevale \u2013 Committee Monager UNINFO UNI\/CT 533 &#8211; <\/strong>\u201cL&#8217;importanza del NLF e degli Standard Armonizzati nel quadro dell&#8217;AI Act\u201d<\/li>\r\n \t<li><strong>\u2060<\/strong><strong>Domenico Natale &#8211; <\/strong>Data Governance &amp; Data Quality<\/li>\r\n \t<li><strong>Antonio Cappella &#8211;<\/strong> Al Open Mind. Mapping e esigenze di<\/li>\r\n \t<li><strong>Luigi Briguglio &#8211;<\/strong> L&#8217;importanza della collaborazione tra Esperti Tecnici<\/li>\r\n \t<li><strong>Valentina Grazia Sapuppo &#8211; <\/strong>ISO\/IEC 42001:2023: l&#8217;esperienza italiana<\/li>\r\n<\/ul>\r\n<p style=\"font-weight: 400;text-align: center\"><strong>Unisciti a noi il 04\/04\/2025 dalle ore 17:30 alle 19:30\u00a0e prendi parte attiva delle All Digital Weeks 2025!<\/strong><\/p>\r\n<p style=\"font-weight: 400;text-align: center\"><strong>Registrati qui<\/strong>: https:\/\/us02web.zoom.us\/meeting\/register\/jD1apTLsQrC-nqMg5e1OVA<\/p>\r\n<p style=\"font-weight: 400;text-align: center\"><strong>Per riascoltare la diretta degli eventi collegati al canale Youtube di SGI<\/strong>: <a href=\"https:\/\/www.youtube.com\/channel\/UCiYpXnkBSY6nN7NFu-WdkKQ\"><strong>https:\/\/www.youtube.com\/channel\/UCiYpXnkBSY6nN7NFu-WdkKQ<\/strong><\/a><\/p>\r\n<p style=\"font-weight: 400;text-align: center\"><strong>Ti Aspettiamo!<\/strong><\/p>\r\n<p style=\"font-weight: 400\"><strong>#ADWeeks2025 #AllDigitalWeeks #DigitalSkills #Employment #DigitalInclusion #ArtificialIntelligence #ISOStandards #ArtificialIntelligenceManagementSystem #HumanRights #EuropeanUnion #CitizenCentred <\/strong><\/p>\r\n&nbsp;","protected":false},"excerpt":{"rendered":"<p>Unisciti a noi il 04\/04\/2025 dalle ore 17:30 alle 19:30!<\/p>","protected":false},"author":3579,"featured_media":19429,"comment_status":"open","ping_status":"closed","sticky":false,"template":"","format":"standard","meta":{"site-sidebar-layout":"default","site-content-layout":"","ast-site-content-layout":"default","site-content-style":"default","site-sidebar-style":"default","ast-global-header-display":"","ast-banner-title-visibility":"","ast-main-header-display":"","ast-hfb-above-header-display":"","ast-hfb-below-header-display":"","ast-hfb-mobile-header-display":"","site-post-title":"","ast-breadcrumbs-content":"","ast-featured-img":"","footer-sml-layout":"","ast-disable-related-posts":"","theme-transparent-header-meta":"","adv-header-id-meta":"","stick-header-meta":"","header-above-stick-meta":"","header-main-stick-meta":"","header-below-stick-meta":"","astra-migrate-meta-layouts":"set","ast-page-background-enabled":"default","ast-page-background-meta":{"desktop":{"background-color":"var(--ast-global-color-4)","background-image":"","background-repeat":"repeat","background-position":"center center","background-size":"auto","background-attachment":"scroll","background-type":"","background-media":"","overlay-type":"","overlay-color":"","overlay-opacity":"","overlay-gradient":""},"tablet":{"background-color":"","background-image":"","background-repeat":"repeat","background-position":"center center","background-size":"auto","background-attachment":"scroll","background-type":"","background-media":"","overlay-type":"","overlay-color":"","overlay-opacity":"","overlay-gradient":""},"mobile":{"background-color":"","background-image":"","background-repeat":"repeat","background-position":"center center","background-size":"auto","background-attachment":"scroll","background-type":"","background-media":"","overlay-type":"","overlay-color":"","overlay-opacity":"","overlay-gradient":""}},"ast-content-background-meta":{"desktop":{"background-color":"var(--ast-global-color-5)","background-image":"","background-repeat":"repeat","background-position":"center center","background-size":"auto","background-attachment":"scroll","background-type":"","background-media":"","overlay-type":"","overlay-color":"","overlay-opacity":"","overlay-gradient":""},"tablet":{"background-color":"var(--ast-global-color-5)","background-image":"","background-repeat":"repeat","background-position":"center center","background-size":"auto","background-attachment":"scroll","background-type":"","background-media":"","overlay-type":"","overlay-color":"","overlay-opacity":"","overlay-gradient":""},"mobile":{"background-color":"var(--ast-global-color-5)","background-image":"","background-repeat":"repeat","background-position":"center center","background-size":"auto","background-attachment":"scroll","background-type":"","background-media":"","overlay-type":"","overlay-color":"","overlay-opacity":"","overlay-gradient":""}},"footnotes":""},"categories":[99],"tags":[886],"class_list":["post-19416","post","type-post","status-publish","format-standard","has-post-thumbnail","hentry","category-eventi","tag-all-digital-weeks"],"yoast_head":"<!-- This site is optimized with the Yoast SEO Premium plugin v21.1 (Yoast SEO v27.5) - https:\/\/yoast.com\/product\/yoast-seo-premium-wordpress\/ -->\n<title>L&#039;avvento dell&#039;Intelligenza Artificiale - L&#039;importanza di un approccio armonizzato - Stati Generali dell&#039;Innovazione<\/title>\n<meta name=\"robots\" content=\"index, follow, max-snippet:-1, max-image-preview:large, max-video-preview:-1\" \/>\n<link rel=\"canonical\" href=\"https:\/\/www.statigeneralinnovazione.it\/en\/lavvento-dellintelligenza-artificiale-limportanza-di-un-approccio-armonizzato\/\" \/>\n<script type=\"application\/ld+json\" class=\"yoast-schema-graph\">{\"@context\":\"https:\\\/\\\/schema.org\",\"@graph\":[{\"@type\":\"Article\",\"@id\":\"https:\\\/\\\/www.statigeneralinnovazione.it\\\/lavvento-dellintelligenza-artificiale-limportanza-di-un-approccio-armonizzato\\\/#article\",\"isPartOf\":{\"@id\":\"https:\\\/\\\/www.statigeneralinnovazione.it\\\/lavvento-dellintelligenza-artificiale-limportanza-di-un-approccio-armonizzato\\\/\"},\"author\":{\"name\":\"Valentina Grazia Sapuppo\",\"@id\":\"https:\\\/\\\/www.statigeneralinnovazione.it\\\/#\\\/schema\\\/person\\\/9414681ef73ea5550a15e27f44fdc687\"},\"headline\":\"L&#8217;avvento dell&#8217;Intelligenza Artificiale &#8211; L&#8217;importanza di un approccio armonizzato\",\"datePublished\":\"2025-03-20T22:59:05+00:00\",\"dateModified\":\"2025-03-20T22:59:08+00:00\",\"mainEntityOfPage\":{\"@id\":\"https:\\\/\\\/www.statigeneralinnovazione.it\\\/lavvento-dellintelligenza-artificiale-limportanza-di-un-approccio-armonizzato\\\/\"},\"wordCount\":291,\"commentCount\":0,\"publisher\":{\"@id\":\"https:\\\/\\\/www.statigeneralinnovazione.it\\\/#organization\"},\"image\":{\"@id\":\"https:\\\/\\\/www.statigeneralinnovazione.it\\\/lavvento-dellintelligenza-artificiale-limportanza-di-un-approccio-armonizzato\\\/#primaryimage\"},\"thumbnailUrl\":\"https:\\\/\\\/www.statigeneralinnovazione.it\\\/wp-content\\\/uploads\\\/2025\\\/03\\\/Lavvento-dellIntelligenza-Artificiale-1.png\",\"keywords\":[\"all digital weeks\"],\"articleSection\":[\"Eventi\"],\"inLanguage\":\"en-GB\",\"potentialAction\":[{\"@type\":\"CommentAction\",\"name\":\"Comment\",\"target\":[\"https:\\\/\\\/www.statigeneralinnovazione.it\\\/lavvento-dellintelligenza-artificiale-limportanza-di-un-approccio-armonizzato\\\/#respond\"]}]},{\"@type\":\"WebPage\",\"@id\":\"https:\\\/\\\/www.statigeneralinnovazione.it\\\/lavvento-dellintelligenza-artificiale-limportanza-di-un-approccio-armonizzato\\\/\",\"url\":\"https:\\\/\\\/www.statigeneralinnovazione.it\\\/lavvento-dellintelligenza-artificiale-limportanza-di-un-approccio-armonizzato\\\/\",\"name\":\"L'avvento dell'Intelligenza Artificiale - L'importanza di un approccio armonizzato - Stati Generali dell&#039;Innovazione\",\"isPartOf\":{\"@id\":\"https:\\\/\\\/www.statigeneralinnovazione.it\\\/#website\"},\"primaryImageOfPage\":{\"@id\":\"https:\\\/\\\/www.statigeneralinnovazione.it\\\/lavvento-dellintelligenza-artificiale-limportanza-di-un-approccio-armonizzato\\\/#primaryimage\"},\"image\":{\"@id\":\"https:\\\/\\\/www.statigeneralinnovazione.it\\\/lavvento-dellintelligenza-artificiale-limportanza-di-un-approccio-armonizzato\\\/#primaryimage\"},\"thumbnailUrl\":\"https:\\\/\\\/www.statigeneralinnovazione.it\\\/wp-content\\\/uploads\\\/2025\\\/03\\\/Lavvento-dellIntelligenza-Artificiale-1.png\",\"datePublished\":\"2025-03-20T22:59:05+00:00\",\"dateModified\":\"2025-03-20T22:59:08+00:00\",\"breadcrumb\":{\"@id\":\"https:\\\/\\\/www.statigeneralinnovazione.it\\\/lavvento-dellintelligenza-artificiale-limportanza-di-un-approccio-armonizzato\\\/#breadcrumb\"},\"inLanguage\":\"en-GB\",\"potentialAction\":[{\"@type\":\"ReadAction\",\"target\":[\"https:\\\/\\\/www.statigeneralinnovazione.it\\\/lavvento-dellintelligenza-artificiale-limportanza-di-un-approccio-armonizzato\\\/\"]}]},{\"@type\":\"ImageObject\",\"inLanguage\":\"en-GB\",\"@id\":\"https:\\\/\\\/www.statigeneralinnovazione.it\\\/lavvento-dellintelligenza-artificiale-limportanza-di-un-approccio-armonizzato\\\/#primaryimage\",\"url\":\"https:\\\/\\\/www.statigeneralinnovazione.it\\\/wp-content\\\/uploads\\\/2025\\\/03\\\/Lavvento-dellIntelligenza-Artificiale-1.png\",\"contentUrl\":\"https:\\\/\\\/www.statigeneralinnovazione.it\\\/wp-content\\\/uploads\\\/2025\\\/03\\\/Lavvento-dellIntelligenza-Artificiale-1.png\",\"width\":940,\"height\":788},{\"@type\":\"BreadcrumbList\",\"@id\":\"https:\\\/\\\/www.statigeneralinnovazione.it\\\/lavvento-dellintelligenza-artificiale-limportanza-di-un-approccio-armonizzato\\\/#breadcrumb\",\"itemListElement\":[{\"@type\":\"ListItem\",\"position\":1,\"name\":\"Home\",\"item\":\"https:\\\/\\\/www.statigeneralinnovazione.it\\\/\"},{\"@type\":\"ListItem\",\"position\":2,\"name\":\"Notizie\",\"item\":\"https:\\\/\\\/www.statigeneralinnovazione.it\\\/category\\\/notizie\\\/\"},{\"@type\":\"ListItem\",\"position\":3,\"name\":\"Eventi\",\"item\":\"https:\\\/\\\/www.statigeneralinnovazione.it\\\/category\\\/notizie\\\/eventi\\\/\"},{\"@type\":\"ListItem\",\"position\":4,\"name\":\"L&#8217;avvento dell&#8217;Intelligenza Artificiale &#8211; L&#8217;importanza di un approccio armonizzato\"}]},{\"@type\":\"WebSite\",\"@id\":\"https:\\\/\\\/www.statigeneralinnovazione.it\\\/#website\",\"url\":\"https:\\\/\\\/www.statigeneralinnovazione.it\\\/\",\"name\":\"Stati Generali dell&#039;Innovazione\",\"description\":\"Insieme per innovare\",\"publisher\":{\"@id\":\"https:\\\/\\\/www.statigeneralinnovazione.it\\\/#organization\"},\"potentialAction\":[{\"@type\":\"SearchAction\",\"target\":{\"@type\":\"EntryPoint\",\"urlTemplate\":\"https:\\\/\\\/www.statigeneralinnovazione.it\\\/?s={search_term_string}\"},\"query-input\":{\"@type\":\"PropertyValueSpecification\",\"valueRequired\":true,\"valueName\":\"search_term_string\"}}],\"inLanguage\":\"en-GB\"},{\"@type\":\"Organization\",\"@id\":\"https:\\\/\\\/www.statigeneralinnovazione.it\\\/#organization\",\"name\":\"Stati Generali dell&#039;Innovazione\",\"url\":\"https:\\\/\\\/www.statigeneralinnovazione.it\\\/\",\"logo\":{\"@type\":\"ImageObject\",\"inLanguage\":\"en-GB\",\"@id\":\"https:\\\/\\\/www.statigeneralinnovazione.it\\\/#\\\/schema\\\/logo\\\/image\\\/\",\"url\":\"https:\\\/\\\/www.statigeneralinnovazione.it\\\/wp-content\\\/uploads\\\/2016\\\/10\\\/logo_sgi_retina_544x180.png\",\"contentUrl\":\"https:\\\/\\\/www.statigeneralinnovazione.it\\\/wp-content\\\/uploads\\\/2016\\\/10\\\/logo_sgi_retina_544x180.png\",\"width\":544,\"height\":180,\"caption\":\"Stati Generali dell&#039;Innovazione\"},\"image\":{\"@id\":\"https:\\\/\\\/www.statigeneralinnovazione.it\\\/#\\\/schema\\\/logo\\\/image\\\/\"}},{\"@type\":\"Person\",\"@id\":\"https:\\\/\\\/www.statigeneralinnovazione.it\\\/#\\\/schema\\\/person\\\/9414681ef73ea5550a15e27f44fdc687\",\"name\":\"Valentina Grazia Sapuppo\",\"image\":{\"@type\":\"ImageObject\",\"inLanguage\":\"en-GB\",\"@id\":\"https:\\\/\\\/www.statigeneralinnovazione.it\\\/wp-content\\\/uploads\\\/2025\\\/01\\\/1734968741900-150x150.jpeg\",\"url\":\"https:\\\/\\\/www.statigeneralinnovazione.it\\\/wp-content\\\/uploads\\\/2025\\\/01\\\/1734968741900-150x150.jpeg\",\"contentUrl\":\"https:\\\/\\\/www.statigeneralinnovazione.it\\\/wp-content\\\/uploads\\\/2025\\\/01\\\/1734968741900-150x150.jpeg\",\"caption\":\"Valentina Grazia Sapuppo\"},\"description\":\"Valentina Grazia Sapuppo \u2013 Avvocato e Informatico Professionista ai sensi della Legge 4\\\/2013, parte attiva di WOMEN IN TECH \u00ae GLOBAL MOVEMENT e di WOMEN FOR SECURITY, community di Cyberladies supportata dal Clusit, gi\u00e0 Funzionario Tecnico presso il Dipartimento Certificazione e Ispezione dell&#039;Ente Italiano di Accreditamento - ACCREDIA . Diplomata presso l\u2019Universit\u00e0 di Mendoza in Internet Governance &amp; Regulation. Esperta legale nel mondo digitale, Data Protection e Cybersecurity, \u00e8 specializzata in etica dell\u2019informazione e tutela del dato biometrico. Membro del Support Pool of Experts dell\u2019EDPB | Technical expertise in new technologies and information security \u2013 Legal expertise in new technologies, l\u2019Avv. Sapuppo \u00e8, altres\u00ec, International Privacy Expert Manager. Gi\u00e0 Maestro della Protezione dei Dati &amp; Data Protection Designer e Fellow presso L\u2019Istituto Italiano per la Privacy e la Valorizzazione del Dato \u2013 IIP. Svolge attivit\u00e0 di ricercatore indipendente nei settori della Data Protection, dell\u2019Intelligenza Artificiale, della Cybersecurity e della Blockchain ed \u00e8 Networker del Digital &amp; Law Department S.r.l. presso ANORC. Opera in qualit\u00e0 di Esperto Aggiunto presso UNINFO \u2013 Comitato UNI\\\/CT 533 in rappresentanza di SGI - Stati Generali dell&#039;Innovazione e Comitato UNI\\\/CT 526 in rappresentanza dell&#039;Associazione Informatici Professionisti [AIP - ITCS]. Individual Member Support presso Responsible Artificial Intelligence Institute \u2013 RAII. Membro ISC(2) International e del Chapter Italy, Membro Individuale di Cloud Security Alliance \u2013 CSA, ISACA, Membro dell&#039;Accademia Italiana del Codice di Internet - IAIC e di Internet Society \u2013 ISOC. NIST Cybersecurity &amp; Privacy Specialist, DPO Certificato UNI 11697, nonch\u00e8 Auditor\\\/Lead Auditor ISO\\\/IEC ISO\\\/IEC 27001:2022, 20000 \u2013 1:2019, 22301:2019, 9001:2015. Membro individuale in Futurium | European AI Alliance | European Commission, IEEE, ICANN, UNESCO e AI Standard Hub | The Alan Turing Institute. Former Associate presso ICT Legal Consulting, l\u2019Avv. Sapuppo attualmente opera nella qualit\u00e0 Chief Legal Compliance Officer, ICT Data Protection Certification Schemes Manager e quale Head of Academy Division, in Milano, presso ITEC - Istituto Tecnologico Europeo di Certificazione. IGF Resource Person, Socio Professionista presso Federaci\u00f3n Iberoamericana de Asociaciones de Derecho e Inform\u00e1tica A.C. [Uruguay], e Membro di OdiseIA [Madrid], Membro di ANIA - Alianza Nacional de Inteligencia Artificial e del Centro de Ciberseguridad Industrial-Industrial Cybersecurity Center - CCI [Madrid]. Responsabile delle relazioni internazionali e membro del Comitato tecnico del SAI \u2013 Sistemas Administrativos Inteligentes dell\u2019ANCBA \u2013 Academia Nacional de Ciencias de Buenos Aires, l\u2019Avv. Sapuppo \u00e8 altres\u00ec Rappresentante per l\u2019Italia della Revista de Ciencia de la Legislaci\u00f3n | Universidad del Salvador.\",\"sameAs\":[\"https:\\\/\\\/www.statigeneralinnovazione.it\\\/\"],\"url\":\"https:\\\/\\\/www.statigeneralinnovazione.it\\\/en\\\/author\\\/valentinagraziasapuppoproton-me\\\/\"}]}<\/script>\n<!-- \/ Yoast SEO Premium plugin. -->","yoast_head_json":{"title":"L'avvento dell'Intelligenza Artificiale - L'importanza di un approccio armonizzato - Stati Generali dell&#039;Innovazione","robots":{"index":"index","follow":"follow","max-snippet":"max-snippet:-1","max-image-preview":"max-image-preview:large","max-video-preview":"max-video-preview:-1"},"canonical":"https:\/\/www.statigeneralinnovazione.it\/en\/lavvento-dellintelligenza-artificiale-limportanza-di-un-approccio-armonizzato\/","schema":{"@context":"https:\/\/schema.org","@graph":[{"@type":"Article","@id":"https:\/\/www.statigeneralinnovazione.it\/lavvento-dellintelligenza-artificiale-limportanza-di-un-approccio-armonizzato\/#article","isPartOf":{"@id":"https:\/\/www.statigeneralinnovazione.it\/lavvento-dellintelligenza-artificiale-limportanza-di-un-approccio-armonizzato\/"},"author":{"name":"Valentina Grazia Sapuppo","@id":"https:\/\/www.statigeneralinnovazione.it\/#\/schema\/person\/9414681ef73ea5550a15e27f44fdc687"},"headline":"L&#8217;avvento dell&#8217;Intelligenza Artificiale &#8211; L&#8217;importanza di un approccio armonizzato","datePublished":"2025-03-20T22:59:05+00:00","dateModified":"2025-03-20T22:59:08+00:00","mainEntityOfPage":{"@id":"https:\/\/www.statigeneralinnovazione.it\/lavvento-dellintelligenza-artificiale-limportanza-di-un-approccio-armonizzato\/"},"wordCount":291,"commentCount":0,"publisher":{"@id":"https:\/\/www.statigeneralinnovazione.it\/#organization"},"image":{"@id":"https:\/\/www.statigeneralinnovazione.it\/lavvento-dellintelligenza-artificiale-limportanza-di-un-approccio-armonizzato\/#primaryimage"},"thumbnailUrl":"https:\/\/www.statigeneralinnovazione.it\/wp-content\/uploads\/2025\/03\/Lavvento-dellIntelligenza-Artificiale-1.png","keywords":["all digital weeks"],"articleSection":["Eventi"],"inLanguage":"en-GB","potentialAction":[{"@type":"CommentAction","name":"Comment","target":["https:\/\/www.statigeneralinnovazione.it\/lavvento-dellintelligenza-artificiale-limportanza-di-un-approccio-armonizzato\/#respond"]}]},{"@type":"WebPage","@id":"https:\/\/www.statigeneralinnovazione.it\/lavvento-dellintelligenza-artificiale-limportanza-di-un-approccio-armonizzato\/","url":"https:\/\/www.statigeneralinnovazione.it\/lavvento-dellintelligenza-artificiale-limportanza-di-un-approccio-armonizzato\/","name":"L'avvento dell'Intelligenza Artificiale - L'importanza di un approccio armonizzato - Stati Generali dell&#039;Innovazione","isPartOf":{"@id":"https:\/\/www.statigeneralinnovazione.it\/#website"},"primaryImageOfPage":{"@id":"https:\/\/www.statigeneralinnovazione.it\/lavvento-dellintelligenza-artificiale-limportanza-di-un-approccio-armonizzato\/#primaryimage"},"image":{"@id":"https:\/\/www.statigeneralinnovazione.it\/lavvento-dellintelligenza-artificiale-limportanza-di-un-approccio-armonizzato\/#primaryimage"},"thumbnailUrl":"https:\/\/www.statigeneralinnovazione.it\/wp-content\/uploads\/2025\/03\/Lavvento-dellIntelligenza-Artificiale-1.png","datePublished":"2025-03-20T22:59:05+00:00","dateModified":"2025-03-20T22:59:08+00:00","breadcrumb":{"@id":"https:\/\/www.statigeneralinnovazione.it\/lavvento-dellintelligenza-artificiale-limportanza-di-un-approccio-armonizzato\/#breadcrumb"},"inLanguage":"en-GB","potentialAction":[{"@type":"ReadAction","target":["https:\/\/www.statigeneralinnovazione.it\/lavvento-dellintelligenza-artificiale-limportanza-di-un-approccio-armonizzato\/"]}]},{"@type":"ImageObject","inLanguage":"en-GB","@id":"https:\/\/www.statigeneralinnovazione.it\/lavvento-dellintelligenza-artificiale-limportanza-di-un-approccio-armonizzato\/#primaryimage","url":"https:\/\/www.statigeneralinnovazione.it\/wp-content\/uploads\/2025\/03\/Lavvento-dellIntelligenza-Artificiale-1.png","contentUrl":"https:\/\/www.statigeneralinnovazione.it\/wp-content\/uploads\/2025\/03\/Lavvento-dellIntelligenza-Artificiale-1.png","width":940,"height":788},{"@type":"BreadcrumbList","@id":"https:\/\/www.statigeneralinnovazione.it\/lavvento-dellintelligenza-artificiale-limportanza-di-un-approccio-armonizzato\/#breadcrumb","itemListElement":[{"@type":"ListItem","position":1,"name":"Home","item":"https:\/\/www.statigeneralinnovazione.it\/"},{"@type":"ListItem","position":2,"name":"Notizie","item":"https:\/\/www.statigeneralinnovazione.it\/category\/notizie\/"},{"@type":"ListItem","position":3,"name":"Eventi","item":"https:\/\/www.statigeneralinnovazione.it\/category\/notizie\/eventi\/"},{"@type":"ListItem","position":4,"name":"L&#8217;avvento dell&#8217;Intelligenza Artificiale &#8211; L&#8217;importanza di un approccio armonizzato"}]},{"@type":"WebSite","@id":"https:\/\/www.statigeneralinnovazione.it\/#website","url":"https:\/\/www.statigeneralinnovazione.it\/","name":"States General of Innovation","description":"Together to innovate","publisher":{"@id":"https:\/\/www.statigeneralinnovazione.it\/#organization"},"potentialAction":[{"@type":"SearchAction","target":{"@type":"EntryPoint","urlTemplate":"https:\/\/www.statigeneralinnovazione.it\/?s={search_term_string}"},"query-input":{"@type":"PropertyValueSpecification","valueRequired":true,"valueName":"search_term_string"}}],"inLanguage":"en-GB"},{"@type":"Organization","@id":"https:\/\/www.statigeneralinnovazione.it\/#organization","name":"States General of Innovation","url":"https:\/\/www.statigeneralinnovazione.it\/","logo":{"@type":"ImageObject","inLanguage":"en-GB","@id":"https:\/\/www.statigeneralinnovazione.it\/#\/schema\/logo\/image\/","url":"https:\/\/www.statigeneralinnovazione.it\/wp-content\/uploads\/2016\/10\/logo_sgi_retina_544x180.png","contentUrl":"https:\/\/www.statigeneralinnovazione.it\/wp-content\/uploads\/2016\/10\/logo_sgi_retina_544x180.png","width":544,"height":180,"caption":"Stati Generali dell&#039;Innovazione"},"image":{"@id":"https:\/\/www.statigeneralinnovazione.it\/#\/schema\/logo\/image\/"}},{"@type":"Person","@id":"https:\/\/www.statigeneralinnovazione.it\/#\/schema\/person\/9414681ef73ea5550a15e27f44fdc687","name":"Valentina Grazia Sapuppo","image":{"@type":"ImageObject","inLanguage":"en-GB","@id":"https:\/\/www.statigeneralinnovazione.it\/wp-content\/uploads\/2025\/01\/1734968741900-150x150.jpeg","url":"https:\/\/www.statigeneralinnovazione.it\/wp-content\/uploads\/2025\/01\/1734968741900-150x150.jpeg","contentUrl":"https:\/\/www.statigeneralinnovazione.it\/wp-content\/uploads\/2025\/01\/1734968741900-150x150.jpeg","caption":"Valentina Grazia Sapuppo"},"description":"Valentina Grazia Sapuppo \u2013 Avvocato e Informatico Professionista ai sensi della Legge 4\/2013, parte attiva di WOMEN IN TECH \u00ae GLOBAL MOVEMENT e di WOMEN FOR SECURITY, community di Cyberladies supportata dal Clusit, gi\u00e0 Funzionario Tecnico presso il Dipartimento Certificazione e Ispezione dell&#039;Ente Italiano di Accreditamento - ACCREDIA . Diplomata presso l\u2019Universit\u00e0 di Mendoza in Internet Governance &amp; Regulation. Esperta legale nel mondo digitale, Data Protection e Cybersecurity, \u00e8 specializzata in etica dell\u2019informazione e tutela del dato biometrico. Membro del Support Pool of Experts dell\u2019EDPB | Technical expertise in new technologies and information security \u2013 Legal expertise in new technologies, l\u2019Avv. Sapuppo \u00e8, altres\u00ec, International Privacy Expert Manager. Gi\u00e0 Maestro della Protezione dei Dati &amp; Data Protection Designer e Fellow presso L\u2019Istituto Italiano per la Privacy e la Valorizzazione del Dato \u2013 IIP. Svolge attivit\u00e0 di ricercatore indipendente nei settori della Data Protection, dell\u2019Intelligenza Artificiale, della Cybersecurity e della Blockchain ed \u00e8 Networker del Digital &amp; Law Department S.r.l. presso ANORC. Opera in qualit\u00e0 di Esperto Aggiunto presso UNINFO \u2013 Comitato UNI\/CT 533 in rappresentanza di SGI - Stati Generali dell&#039;Innovazione e Comitato UNI\/CT 526 in rappresentanza dell&#039;Associazione Informatici Professionisti [AIP - ITCS]. Individual Member Support presso Responsible Artificial Intelligence Institute \u2013 RAII. Membro ISC(2) International e del Chapter Italy, Membro Individuale di Cloud Security Alliance \u2013 CSA, ISACA, Membro dell&#039;Accademia Italiana del Codice di Internet - IAIC e di Internet Society \u2013 ISOC. NIST Cybersecurity &amp; Privacy Specialist, DPO Certificato UNI 11697, nonch\u00e8 Auditor\/Lead Auditor ISO\/IEC ISO\/IEC 27001:2022, 20000 \u2013 1:2019, 22301:2019, 9001:2015. Membro individuale in Futurium | European AI Alliance | European Commission, IEEE, ICANN, UNESCO e AI Standard Hub | The Alan Turing Institute. Former Associate presso ICT Legal Consulting, l\u2019Avv. Sapuppo attualmente opera nella qualit\u00e0 Chief Legal Compliance Officer, ICT Data Protection Certification Schemes Manager e quale Head of Academy Division, in Milano, presso ITEC - Istituto Tecnologico Europeo di Certificazione. IGF Resource Person, Socio Professionista presso Federaci\u00f3n Iberoamericana de Asociaciones de Derecho e Inform\u00e1tica A.C. [Uruguay], e Membro di OdiseIA [Madrid], Membro di ANIA - Alianza Nacional de Inteligencia Artificial e del Centro de Ciberseguridad Industrial-Industrial Cybersecurity Center - CCI [Madrid]. Responsabile delle relazioni internazionali e membro del Comitato tecnico del SAI \u2013 Sistemas Administrativos Inteligentes dell\u2019ANCBA \u2013 Academia Nacional de Ciencias de Buenos Aires, l\u2019Avv. Sapuppo \u00e8 altres\u00ec Rappresentante per l\u2019Italia della Revista de Ciencia de la Legislaci\u00f3n | Universidad del Salvador.","sameAs":["https:\/\/www.statigeneralinnovazione.it\/"],"url":"https:\/\/www.statigeneralinnovazione.it\/en\/author\/valentinagraziasapuppoproton-me\/"}]}},"_links":{"self":[{"href":"https:\/\/www.statigeneralinnovazione.it\/en\/wp-json\/wp\/v2\/posts\/19416","targetHints":{"allow":["GET"]}}],"collection":[{"href":"https:\/\/www.statigeneralinnovazione.it\/en\/wp-json\/wp\/v2\/posts"}],"about":[{"href":"https:\/\/www.statigeneralinnovazione.it\/en\/wp-json\/wp\/v2\/types\/post"}],"author":[{"embeddable":true,"href":"https:\/\/www.statigeneralinnovazione.it\/en\/wp-json\/wp\/v2\/users\/3579"}],"replies":[{"embeddable":true,"href":"https:\/\/www.statigeneralinnovazione.it\/en\/wp-json\/wp\/v2\/comments?post=19416"}],"version-history":[{"count":6,"href":"https:\/\/www.statigeneralinnovazione.it\/en\/wp-json\/wp\/v2\/posts\/19416\/revisions"}],"predecessor-version":[{"id":19485,"href":"https:\/\/www.statigeneralinnovazione.it\/en\/wp-json\/wp\/v2\/posts\/19416\/revisions\/19485"}],"wp:featuredmedia":[{"embeddable":true,"href":"https:\/\/www.statigeneralinnovazione.it\/en\/wp-json\/wp\/v2\/media\/19429"}],"wp:attachment":[{"href":"https:\/\/www.statigeneralinnovazione.it\/en\/wp-json\/wp\/v2\/media?parent=19416"}],"wp:term":[{"taxonomy":"category","embeddable":true,"href":"https:\/\/www.statigeneralinnovazione.it\/en\/wp-json\/wp\/v2\/categories?post=19416"},{"taxonomy":"post_tag","embeddable":true,"href":"https:\/\/www.statigeneralinnovazione.it\/en\/wp-json\/wp\/v2\/tags?post=19416"}],"curies":[{"name":"wp","href":"https:\/\/api.w.org\/{rel}","templated":true}]}}