{"id":13417,"date":"2021-01-15T16:52:48","date_gmt":"2021-01-15T15:52:48","guid":{"rendered":"https:\/\/www.statigeneralinnovazione.it\/?p=13417"},"modified":"2021-01-16T10:56:52","modified_gmt":"2021-01-16T09:56:52","slug":"fulvio-ananasso-su-media-duemila-fa-unanalisi-del-5g-con-lo-sguardo-al-6g","status":"publish","type":"post","link":"https:\/\/www.statigeneralinnovazione.it\/en\/fulvio-ananasso-su-media-duemila-fa-unanalisi-del-5g-con-lo-sguardo-al-6g\/","title":{"rendered":"Fulvio Ananasso su MEDIA DUEMILA fa un&#8217;analisi del 5G, con lo sguardo al 6G"},"content":{"rendered":"<h5>Segnaliamo l\u2019intervista al Presidente di Stati Generali dell\u2019Innovazione Fulvio Ananasso pubblicata sulla testata MEDIA DUEMILA.<\/h5>\n<h5>Nell\u2019articolo di Maria Pia Rossignaud, <a href=\"https:\/\/www.media2000.it\/ananasso-sgi-il-punto-su-5g-con-lo-sguardo-al-6g\/\">&#8220;Il punto su 5G con lo sguardo al 6G&#8221;<\/a>, Ananasso fa un\u2019analisi approfondita degli scenari attuali e sviluppi futuri delle tecnologie 5G e 6G. Infatti, se l\u2019implementazione del 5G \u00e8 ancora in atto, il mondo delle telecomunicazioni \u00e8 gi\u00e0 in fermento pensando al futuro, il 6G, tecnologia di sesta generazione che seppure in fase di prime sperimentazioni dovrebbe rappresentare la naturale evoluzione del 5G e raggiungere\u00a0 velocit\u00e0 di trasmissione decisamente pi\u00f9 alte.<\/h5>\n<h5>Temi di cui ha parlato nel corso del webinar <a href=\"https:\/\/www.statigeneralinnovazione.it\/wp-content\/uploads\/2021\/01\/F.-Ananasso-5G-caratteristiche-regolamentazione-e-opportunita-11-01-21.pdf\">\u201c5G: caratteristiche, regolamentazione ed opportunit\u00e0\u201d<\/a>, condotto da Roberto Reale nell\u2019ambito di #Restart, il progetto con cui\u00a0<a href=\"https:\/\/eutopian.eu\/it\/\">Eutopian<\/a>, l\u2019Osservatorio europeo sull\u2019innovazione democratica, partecipa al progetto\u00a0<a href=\"https:\/\/innovazione.gov.it\/it\/repubblica-digitale\/\">Digital Republic<\/a>\u00a0promosso dal Ministero dell\u2019Innovazione Tecnologica.<\/h5>\n<p>Per vedere il video del webinar clicca <a href=\"https:\/\/www.youtube.com\/watch?v=r2K0rGmku1o&amp;t=13s\">here<\/a>.<\/p>","protected":false},"excerpt":{"rendered":"<p>Segnaliamo l\u2019intervista al Presidente di Stati Generali dell\u2019Innovazione Fulvio Ananasso pubblicata sulla testata MEDIA DUEMILA. Nell\u2019articolo di Maria Pia Rossignaud, &#8220;Il punto su 5G con lo sguardo al 6G&#8221;, Ananasso fa un\u2019analisi approfondita degli scenari [&hellip;]<\/p>\n","protected":false},"author":2955,"featured_media":13416,"comment_status":"open","ping_status":"closed","sticky":false,"template":"","format":"standard","meta":{"site-sidebar-layout":"default","site-content-layout":"","ast-site-content-layout":"default","site-content-style":"default","site-sidebar-style":"default","ast-global-header-display":"","ast-banner-title-visibility":"","ast-main-header-display":"","ast-hfb-above-header-display":"","ast-hfb-below-header-display":"","ast-hfb-mobile-header-display":"","site-post-title":"","ast-breadcrumbs-content":"","ast-featured-img":"","footer-sml-layout":"","ast-disable-related-posts":"","theme-transparent-header-meta":"","adv-header-id-meta":"","stick-header-meta":"","header-above-stick-meta":"","header-main-stick-meta":"","header-below-stick-meta":"","astra-migrate-meta-layouts":"default","ast-page-background-enabled":"default","ast-page-background-meta":{"desktop":{"background-color":"var(--ast-global-color-4)","background-image":"","background-repeat":"repeat","background-position":"center center","background-size":"auto","background-attachment":"scroll","background-type":"","background-media":"","overlay-type":"","overlay-color":"","overlay-opacity":"","overlay-gradient":""},"tablet":{"background-color":"","background-image":"","background-repeat":"repeat","background-position":"center center","background-size":"auto","background-attachment":"scroll","background-type":"","background-media":"","overlay-type":"","overlay-color":"","overlay-opacity":"","overlay-gradient":""},"mobile":{"background-color":"","background-image":"","background-repeat":"repeat","background-position":"center center","background-size":"auto","background-attachment":"scroll","background-type":"","background-media":"","overlay-type":"","overlay-color":"","overlay-opacity":"","overlay-gradient":""}},"ast-content-background-meta":{"desktop":{"background-color":"var(--ast-global-color-5)","background-image":"","background-repeat":"repeat","background-position":"center center","background-size":"auto","background-attachment":"scroll","background-type":"","background-media":"","overlay-type":"","overlay-color":"","overlay-opacity":"","overlay-gradient":""},"tablet":{"background-color":"var(--ast-global-color-5)","background-image":"","background-repeat":"repeat","background-position":"center center","background-size":"auto","background-attachment":"scroll","background-type":"","background-media":"","overlay-type":"","overlay-color":"","overlay-opacity":"","overlay-gradient":""},"mobile":{"background-color":"var(--ast-global-color-5)","background-image":"","background-repeat":"repeat","background-position":"center center","background-size":"auto","background-attachment":"scroll","background-type":"","background-media":"","overlay-type":"","overlay-color":"","overlay-opacity":"","overlay-gradient":""}},"footnotes":""},"categories":[545],"tags":[795,806,211,430,208,500],"class_list":["post-13417","post","type-post","status-publish","format-standard","has-post-thumbnail","hentry","category-notizie","tag-5g","tag-6g","tag-digitale","tag-fulvio-ananasso","tag-innovazione","tag-stati-generali-dellinnovazione"],"yoast_head":"<!-- This site is optimized with the Yoast SEO Premium plugin v21.1 (Yoast SEO v27.5) - https:\/\/yoast.com\/product\/yoast-seo-premium-wordpress\/ -->\n<title>Fulvio Ananasso su MEDIA DUEMILA fa un&#039;analisi del 5G, con lo sguardo al 6G - Stati Generali dell&#039;Innovazione<\/title>\n<meta name=\"robots\" content=\"index, follow, max-snippet:-1, max-image-preview:large, max-video-preview:-1\" \/>\n<link rel=\"canonical\" href=\"https:\/\/www.statigeneralinnovazione.it\/en\/fulvio-ananasso-su-media-duemila-fa-unanalisi-del-5g-con-lo-sguardo-al-6g\/\" \/>\n<script type=\"application\/ld+json\" class=\"yoast-schema-graph\">{\"@context\":\"https:\\\/\\\/schema.org\",\"@graph\":[{\"@type\":\"Article\",\"@id\":\"https:\\\/\\\/www.statigeneralinnovazione.it\\\/fulvio-ananasso-su-media-duemila-fa-unanalisi-del-5g-con-lo-sguardo-al-6g\\\/#article\",\"isPartOf\":{\"@id\":\"https:\\\/\\\/www.statigeneralinnovazione.it\\\/fulvio-ananasso-su-media-duemila-fa-unanalisi-del-5g-con-lo-sguardo-al-6g\\\/\"},\"author\":{\"name\":\"Antonella Pitrelli\",\"@id\":\"https:\\\/\\\/www.statigeneralinnovazione.it\\\/#\\\/schema\\\/person\\\/8e0d32efbf093daf15384b10a1ca47ca\"},\"headline\":\"Fulvio Ananasso su MEDIA DUEMILA fa un&#8217;analisi del 5G, con lo sguardo al 6G\",\"datePublished\":\"2021-01-15T15:52:48+00:00\",\"dateModified\":\"2021-01-16T09:56:52+00:00\",\"mainEntityOfPage\":{\"@id\":\"https:\\\/\\\/www.statigeneralinnovazione.it\\\/fulvio-ananasso-su-media-duemila-fa-unanalisi-del-5g-con-lo-sguardo-al-6g\\\/\"},\"wordCount\":162,\"commentCount\":0,\"publisher\":{\"@id\":\"https:\\\/\\\/www.statigeneralinnovazione.it\\\/#organization\"},\"image\":{\"@id\":\"https:\\\/\\\/www.statigeneralinnovazione.it\\\/fulvio-ananasso-su-media-duemila-fa-unanalisi-del-5g-con-lo-sguardo-al-6g\\\/#primaryimage\"},\"thumbnailUrl\":\"https:\\\/\\\/www.statigeneralinnovazione.it\\\/wp-content\\\/uploads\\\/2021\\\/01\\\/the-internet-4899254_1920.jpg\",\"keywords\":[\"5G\",\"6G\",\"digitale\",\"Fulvio Ananasso\",\"innovazione\",\"Stati Generali dell'Innovazione\"],\"articleSection\":[\"Notizie\"],\"inLanguage\":\"en-GB\",\"potentialAction\":[{\"@type\":\"CommentAction\",\"name\":\"Comment\",\"target\":[\"https:\\\/\\\/www.statigeneralinnovazione.it\\\/fulvio-ananasso-su-media-duemila-fa-unanalisi-del-5g-con-lo-sguardo-al-6g\\\/#respond\"]}]},{\"@type\":\"WebPage\",\"@id\":\"https:\\\/\\\/www.statigeneralinnovazione.it\\\/fulvio-ananasso-su-media-duemila-fa-unanalisi-del-5g-con-lo-sguardo-al-6g\\\/\",\"url\":\"https:\\\/\\\/www.statigeneralinnovazione.it\\\/fulvio-ananasso-su-media-duemila-fa-unanalisi-del-5g-con-lo-sguardo-al-6g\\\/\",\"name\":\"Fulvio Ananasso su MEDIA DUEMILA fa un'analisi del 5G, con lo sguardo al 6G - Stati Generali dell&#039;Innovazione\",\"isPartOf\":{\"@id\":\"https:\\\/\\\/www.statigeneralinnovazione.it\\\/#website\"},\"primaryImageOfPage\":{\"@id\":\"https:\\\/\\\/www.statigeneralinnovazione.it\\\/fulvio-ananasso-su-media-duemila-fa-unanalisi-del-5g-con-lo-sguardo-al-6g\\\/#primaryimage\"},\"image\":{\"@id\":\"https:\\\/\\\/www.statigeneralinnovazione.it\\\/fulvio-ananasso-su-media-duemila-fa-unanalisi-del-5g-con-lo-sguardo-al-6g\\\/#primaryimage\"},\"thumbnailUrl\":\"https:\\\/\\\/www.statigeneralinnovazione.it\\\/wp-content\\\/uploads\\\/2021\\\/01\\\/the-internet-4899254_1920.jpg\",\"datePublished\":\"2021-01-15T15:52:48+00:00\",\"dateModified\":\"2021-01-16T09:56:52+00:00\",\"breadcrumb\":{\"@id\":\"https:\\\/\\\/www.statigeneralinnovazione.it\\\/fulvio-ananasso-su-media-duemila-fa-unanalisi-del-5g-con-lo-sguardo-al-6g\\\/#breadcrumb\"},\"inLanguage\":\"en-GB\",\"potentialAction\":[{\"@type\":\"ReadAction\",\"target\":[\"https:\\\/\\\/www.statigeneralinnovazione.it\\\/fulvio-ananasso-su-media-duemila-fa-unanalisi-del-5g-con-lo-sguardo-al-6g\\\/\"]}]},{\"@type\":\"ImageObject\",\"inLanguage\":\"en-GB\",\"@id\":\"https:\\\/\\\/www.statigeneralinnovazione.it\\\/fulvio-ananasso-su-media-duemila-fa-unanalisi-del-5g-con-lo-sguardo-al-6g\\\/#primaryimage\",\"url\":\"https:\\\/\\\/www.statigeneralinnovazione.it\\\/wp-content\\\/uploads\\\/2021\\\/01\\\/the-internet-4899254_1920.jpg\",\"contentUrl\":\"https:\\\/\\\/www.statigeneralinnovazione.it\\\/wp-content\\\/uploads\\\/2021\\\/01\\\/the-internet-4899254_1920.jpg\",\"width\":1920,\"height\":1440},{\"@type\":\"BreadcrumbList\",\"@id\":\"https:\\\/\\\/www.statigeneralinnovazione.it\\\/fulvio-ananasso-su-media-duemila-fa-unanalisi-del-5g-con-lo-sguardo-al-6g\\\/#breadcrumb\",\"itemListElement\":[{\"@type\":\"ListItem\",\"position\":1,\"name\":\"Home\",\"item\":\"https:\\\/\\\/www.statigeneralinnovazione.it\\\/\"},{\"@type\":\"ListItem\",\"position\":2,\"name\":\"Notizie\",\"item\":\"https:\\\/\\\/www.statigeneralinnovazione.it\\\/category\\\/notizie\\\/\"},{\"@type\":\"ListItem\",\"position\":3,\"name\":\"Fulvio Ananasso su MEDIA DUEMILA fa un&#8217;analisi del 5G, con lo sguardo al 6G\"}]},{\"@type\":\"WebSite\",\"@id\":\"https:\\\/\\\/www.statigeneralinnovazione.it\\\/#website\",\"url\":\"https:\\\/\\\/www.statigeneralinnovazione.it\\\/\",\"name\":\"Stati Generali dell&#039;Innovazione\",\"description\":\"Insieme per innovare\",\"publisher\":{\"@id\":\"https:\\\/\\\/www.statigeneralinnovazione.it\\\/#organization\"},\"potentialAction\":[{\"@type\":\"SearchAction\",\"target\":{\"@type\":\"EntryPoint\",\"urlTemplate\":\"https:\\\/\\\/www.statigeneralinnovazione.it\\\/?s={search_term_string}\"},\"query-input\":{\"@type\":\"PropertyValueSpecification\",\"valueRequired\":true,\"valueName\":\"search_term_string\"}}],\"inLanguage\":\"en-GB\"},{\"@type\":\"Organization\",\"@id\":\"https:\\\/\\\/www.statigeneralinnovazione.it\\\/#organization\",\"name\":\"Stati Generali dell&#039;Innovazione\",\"url\":\"https:\\\/\\\/www.statigeneralinnovazione.it\\\/\",\"logo\":{\"@type\":\"ImageObject\",\"inLanguage\":\"en-GB\",\"@id\":\"https:\\\/\\\/www.statigeneralinnovazione.it\\\/#\\\/schema\\\/logo\\\/image\\\/\",\"url\":\"https:\\\/\\\/www.statigeneralinnovazione.it\\\/wp-content\\\/uploads\\\/2016\\\/10\\\/logo_sgi_retina_544x180.png\",\"contentUrl\":\"https:\\\/\\\/www.statigeneralinnovazione.it\\\/wp-content\\\/uploads\\\/2016\\\/10\\\/logo_sgi_retina_544x180.png\",\"width\":544,\"height\":180,\"caption\":\"Stati Generali dell&#039;Innovazione\"},\"image\":{\"@id\":\"https:\\\/\\\/www.statigeneralinnovazione.it\\\/#\\\/schema\\\/logo\\\/image\\\/\"}},{\"@type\":\"Person\",\"@id\":\"https:\\\/\\\/www.statigeneralinnovazione.it\\\/#\\\/schema\\\/person\\\/8e0d32efbf093daf15384b10a1ca47ca\",\"name\":\"Antonella Pitrelli\",\"image\":{\"@type\":\"ImageObject\",\"inLanguage\":\"en-GB\",\"@id\":\"https:\\\/\\\/secure.gravatar.com\\\/avatar\\\/ed46dfb935619fa327c89f8094ec1f96ebcfba354d99aa5139f34c4a5820881c?s=96&r=g\",\"url\":\"https:\\\/\\\/secure.gravatar.com\\\/avatar\\\/ed46dfb935619fa327c89f8094ec1f96ebcfba354d99aa5139f34c4a5820881c?s=96&r=g\",\"contentUrl\":\"https:\\\/\\\/secure.gravatar.com\\\/avatar\\\/ed46dfb935619fa327c89f8094ec1f96ebcfba354d99aa5139f34c4a5820881c?s=96&r=g\",\"caption\":\"Antonella Pitrelli\"},\"url\":\"https:\\\/\\\/www.statigeneralinnovazione.it\\\/en\\\/author\\\/antonellapitrelli\\\/\"}]}<\/script>\n<!-- \/ Yoast SEO Premium plugin. -->","yoast_head_json":{"title":"Fulvio Ananasso su MEDIA DUEMILA fa un'analisi del 5G, con lo sguardo al 6G - Stati Generali dell&#039;Innovazione","robots":{"index":"index","follow":"follow","max-snippet":"max-snippet:-1","max-image-preview":"max-image-preview:large","max-video-preview":"max-video-preview:-1"},"canonical":"https:\/\/www.statigeneralinnovazione.it\/en\/fulvio-ananasso-su-media-duemila-fa-unanalisi-del-5g-con-lo-sguardo-al-6g\/","schema":{"@context":"https:\/\/schema.org","@graph":[{"@type":"Article","@id":"https:\/\/www.statigeneralinnovazione.it\/fulvio-ananasso-su-media-duemila-fa-unanalisi-del-5g-con-lo-sguardo-al-6g\/#article","isPartOf":{"@id":"https:\/\/www.statigeneralinnovazione.it\/fulvio-ananasso-su-media-duemila-fa-unanalisi-del-5g-con-lo-sguardo-al-6g\/"},"author":{"name":"Antonella Pitrelli","@id":"https:\/\/www.statigeneralinnovazione.it\/#\/schema\/person\/8e0d32efbf093daf15384b10a1ca47ca"},"headline":"Fulvio Ananasso su MEDIA DUEMILA fa un&#8217;analisi del 5G, con lo sguardo al 6G","datePublished":"2021-01-15T15:52:48+00:00","dateModified":"2021-01-16T09:56:52+00:00","mainEntityOfPage":{"@id":"https:\/\/www.statigeneralinnovazione.it\/fulvio-ananasso-su-media-duemila-fa-unanalisi-del-5g-con-lo-sguardo-al-6g\/"},"wordCount":162,"commentCount":0,"publisher":{"@id":"https:\/\/www.statigeneralinnovazione.it\/#organization"},"image":{"@id":"https:\/\/www.statigeneralinnovazione.it\/fulvio-ananasso-su-media-duemila-fa-unanalisi-del-5g-con-lo-sguardo-al-6g\/#primaryimage"},"thumbnailUrl":"https:\/\/www.statigeneralinnovazione.it\/wp-content\/uploads\/2021\/01\/the-internet-4899254_1920.jpg","keywords":["5G","6G","digitale","Fulvio Ananasso","innovazione","Stati Generali dell'Innovazione"],"articleSection":["Notizie"],"inLanguage":"en-GB","potentialAction":[{"@type":"CommentAction","name":"Comment","target":["https:\/\/www.statigeneralinnovazione.it\/fulvio-ananasso-su-media-duemila-fa-unanalisi-del-5g-con-lo-sguardo-al-6g\/#respond"]}]},{"@type":"WebPage","@id":"https:\/\/www.statigeneralinnovazione.it\/fulvio-ananasso-su-media-duemila-fa-unanalisi-del-5g-con-lo-sguardo-al-6g\/","url":"https:\/\/www.statigeneralinnovazione.it\/fulvio-ananasso-su-media-duemila-fa-unanalisi-del-5g-con-lo-sguardo-al-6g\/","name":"Fulvio Ananasso su MEDIA DUEMILA fa un'analisi del 5G, con lo sguardo al 6G - Stati Generali dell&#039;Innovazione","isPartOf":{"@id":"https:\/\/www.statigeneralinnovazione.it\/#website"},"primaryImageOfPage":{"@id":"https:\/\/www.statigeneralinnovazione.it\/fulvio-ananasso-su-media-duemila-fa-unanalisi-del-5g-con-lo-sguardo-al-6g\/#primaryimage"},"image":{"@id":"https:\/\/www.statigeneralinnovazione.it\/fulvio-ananasso-su-media-duemila-fa-unanalisi-del-5g-con-lo-sguardo-al-6g\/#primaryimage"},"thumbnailUrl":"https:\/\/www.statigeneralinnovazione.it\/wp-content\/uploads\/2021\/01\/the-internet-4899254_1920.jpg","datePublished":"2021-01-15T15:52:48+00:00","dateModified":"2021-01-16T09:56:52+00:00","breadcrumb":{"@id":"https:\/\/www.statigeneralinnovazione.it\/fulvio-ananasso-su-media-duemila-fa-unanalisi-del-5g-con-lo-sguardo-al-6g\/#breadcrumb"},"inLanguage":"en-GB","potentialAction":[{"@type":"ReadAction","target":["https:\/\/www.statigeneralinnovazione.it\/fulvio-ananasso-su-media-duemila-fa-unanalisi-del-5g-con-lo-sguardo-al-6g\/"]}]},{"@type":"ImageObject","inLanguage":"en-GB","@id":"https:\/\/www.statigeneralinnovazione.it\/fulvio-ananasso-su-media-duemila-fa-unanalisi-del-5g-con-lo-sguardo-al-6g\/#primaryimage","url":"https:\/\/www.statigeneralinnovazione.it\/wp-content\/uploads\/2021\/01\/the-internet-4899254_1920.jpg","contentUrl":"https:\/\/www.statigeneralinnovazione.it\/wp-content\/uploads\/2021\/01\/the-internet-4899254_1920.jpg","width":1920,"height":1440},{"@type":"BreadcrumbList","@id":"https:\/\/www.statigeneralinnovazione.it\/fulvio-ananasso-su-media-duemila-fa-unanalisi-del-5g-con-lo-sguardo-al-6g\/#breadcrumb","itemListElement":[{"@type":"ListItem","position":1,"name":"Home","item":"https:\/\/www.statigeneralinnovazione.it\/"},{"@type":"ListItem","position":2,"name":"Notizie","item":"https:\/\/www.statigeneralinnovazione.it\/category\/notizie\/"},{"@type":"ListItem","position":3,"name":"Fulvio Ananasso su MEDIA DUEMILA fa un&#8217;analisi del 5G, con lo sguardo al 6G"}]},{"@type":"WebSite","@id":"https:\/\/www.statigeneralinnovazione.it\/#website","url":"https:\/\/www.statigeneralinnovazione.it\/","name":"States General of Innovation","description":"Together to innovate","publisher":{"@id":"https:\/\/www.statigeneralinnovazione.it\/#organization"},"potentialAction":[{"@type":"SearchAction","target":{"@type":"EntryPoint","urlTemplate":"https:\/\/www.statigeneralinnovazione.it\/?s={search_term_string}"},"query-input":{"@type":"PropertyValueSpecification","valueRequired":true,"valueName":"search_term_string"}}],"inLanguage":"en-GB"},{"@type":"Organization","@id":"https:\/\/www.statigeneralinnovazione.it\/#organization","name":"States General of Innovation","url":"https:\/\/www.statigeneralinnovazione.it\/","logo":{"@type":"ImageObject","inLanguage":"en-GB","@id":"https:\/\/www.statigeneralinnovazione.it\/#\/schema\/logo\/image\/","url":"https:\/\/www.statigeneralinnovazione.it\/wp-content\/uploads\/2016\/10\/logo_sgi_retina_544x180.png","contentUrl":"https:\/\/www.statigeneralinnovazione.it\/wp-content\/uploads\/2016\/10\/logo_sgi_retina_544x180.png","width":544,"height":180,"caption":"Stati Generali dell&#039;Innovazione"},"image":{"@id":"https:\/\/www.statigeneralinnovazione.it\/#\/schema\/logo\/image\/"}},{"@type":"Person","@id":"https:\/\/www.statigeneralinnovazione.it\/#\/schema\/person\/8e0d32efbf093daf15384b10a1ca47ca","name":"Antonella Pitrelli","image":{"@type":"ImageObject","inLanguage":"en-GB","@id":"https:\/\/secure.gravatar.com\/avatar\/ed46dfb935619fa327c89f8094ec1f96ebcfba354d99aa5139f34c4a5820881c?s=96&r=g","url":"https:\/\/secure.gravatar.com\/avatar\/ed46dfb935619fa327c89f8094ec1f96ebcfba354d99aa5139f34c4a5820881c?s=96&r=g","contentUrl":"https:\/\/secure.gravatar.com\/avatar\/ed46dfb935619fa327c89f8094ec1f96ebcfba354d99aa5139f34c4a5820881c?s=96&r=g","caption":"Antonella Pitrelli"},"url":"https:\/\/www.statigeneralinnovazione.it\/en\/author\/antonellapitrelli\/"}]}},"_links":{"self":[{"href":"https:\/\/www.statigeneralinnovazione.it\/en\/wp-json\/wp\/v2\/posts\/13417","targetHints":{"allow":["GET"]}}],"collection":[{"href":"https:\/\/www.statigeneralinnovazione.it\/en\/wp-json\/wp\/v2\/posts"}],"about":[{"href":"https:\/\/www.statigeneralinnovazione.it\/en\/wp-json\/wp\/v2\/types\/post"}],"author":[{"embeddable":true,"href":"https:\/\/www.statigeneralinnovazione.it\/en\/wp-json\/wp\/v2\/users\/2955"}],"replies":[{"embeddable":true,"href":"https:\/\/www.statigeneralinnovazione.it\/en\/wp-json\/wp\/v2\/comments?post=13417"}],"version-history":[{"count":0,"href":"https:\/\/www.statigeneralinnovazione.it\/en\/wp-json\/wp\/v2\/posts\/13417\/revisions"}],"wp:featuredmedia":[{"embeddable":true,"href":"https:\/\/www.statigeneralinnovazione.it\/en\/wp-json\/wp\/v2\/media\/13416"}],"wp:attachment":[{"href":"https:\/\/www.statigeneralinnovazione.it\/en\/wp-json\/wp\/v2\/media?parent=13417"}],"wp:term":[{"taxonomy":"category","embeddable":true,"href":"https:\/\/www.statigeneralinnovazione.it\/en\/wp-json\/wp\/v2\/categories?post=13417"},{"taxonomy":"post_tag","embeddable":true,"href":"https:\/\/www.statigeneralinnovazione.it\/en\/wp-json\/wp\/v2\/tags?post=13417"}],"curies":[{"name":"wp","href":"https:\/\/api.w.org\/{rel}","templated":true}]}}