{"id":10111,"date":"2018-12-18T12:36:11","date_gmt":"2018-12-18T11:36:11","guid":{"rendered":"https:\/\/www.statigeneralinnovazione.it\/?p=10111"},"modified":"2018-12-18T12:36:19","modified_gmt":"2018-12-18T11:36:19","slug":"apprendimento-permanente-per-il-programma-copernicus","status":"publish","type":"post","link":"https:\/\/www.statigeneralinnovazione.it\/en\/apprendimento-permanente-per-il-programma-copernicus\/","title":{"rendered":"Lifelong learning for the Copernicus programme"},"content":{"rendered":"\n<p>Nell\u2019ultima settimana di novembre si sono svolti a Bari due eventi riguardanti il <strong>Programma europeo Copernicus<\/strong>, rivolti entrambi agli operatori del <strong>settore agroalimentare<\/strong>. Tale circostanza offre l\u2019occasione per riprendere l\u2019argomento delle competenze digitali nel contesto della <em>Geospatial Revolution<\/em> e dei percorsi formativi per accrescere le <strong>competenze geo-digitali<\/strong>, avendo cura di contribuire al programma dell\u2019Agenda ONU per lo Sviluppo Sostenibile e ai relativi obiettivi (<em>Sustainable Development Goals, <\/em>SDG) da raggiungere entro il 2030, specificatamente in tema di istruzione (SDG # 4), come prefigurato nel precedente articolo \u201c<a href=\"https:\/\/www.techeconomy.it\/2016\/10\/27\/opengeodata-agenda-onu-2030-sviluppo-sostenibile\/\">Dati Geografici Digitali e Agenda ONU 2030 per lo sviluppo sostenibile<\/a>\u201d dell\u2019ottobre 2016.<\/p>\n\n\n\n<p>Le tecnologie dedicate all\u2019Osservazione della Terra (EOT) figurano tra quelle pi\u00f9 promettenti per sostenere le politiche di sviluppo sostenibile dei territori, grazie alla diffusione di prodotti e servizi innovativi, con impatto sistemico nei riguardi dell\u2019economia, dell\u2019ambiente e della societ\u00e0. <\/p>\n\n\n\n<p>D\u2019altro canto, il <strong>Programma europeo Copernicus<\/strong> rappresenta per l\u2019Italia il contesto di riferimento per cogliere l\u2019opportunit\u00e0 rappresentata da tale progresso tecnologico. Il nostro Paese risulta infatti tra i principali Stati Membri che esprimono la <em>leadership<\/em> di questa iniziativa europea, stante la posizione di eccellenza della ricerca e dell\u2019industria nazionale in questo settore &#8212; ruolo esercitato anche attraverso un significativo impegno finanziario a sostegno di tale programma. <\/p>\n\n\n\n<figure class=\"wp-block-image\"><img fetchpriority=\"high\" decoding=\"async\" width=\"1024\" height=\"683\" src=\"https:\/\/www.statigeneralinnovazione.it\/wp-content\/uploads\/2018\/12\/foto-1-infosession-Copernicus-FdL-Bari-1024x683.jpg\" alt=\"\" class=\"wp-image-10114\" srcset=\"https:\/\/www.statigeneralinnovazione.it\/wp-content\/uploads\/2018\/12\/foto-1-infosession-Copernicus-FdL-Bari.jpg 1024w, https:\/\/www.statigeneralinnovazione.it\/wp-content\/uploads\/2018\/12\/foto-1-infosession-Copernicus-FdL-Bari-150x100.jpg 150w, https:\/\/www.statigeneralinnovazione.it\/wp-content\/uploads\/2018\/12\/foto-1-infosession-Copernicus-FdL-Bari-300x200.jpg 300w, https:\/\/www.statigeneralinnovazione.it\/wp-content\/uploads\/2018\/12\/foto-1-infosession-Copernicus-FdL-Bari-768x512.jpg 768w, https:\/\/www.statigeneralinnovazione.it\/wp-content\/uploads\/2018\/12\/foto-1-infosession-Copernicus-FdL-Bari-696x464.jpg 696w, https:\/\/www.statigeneralinnovazione.it\/wp-content\/uploads\/2018\/12\/foto-1-infosession-Copernicus-FdL-Bari-630x420.jpg 630w\" sizes=\"(max-width: 1024px) 100vw, 1024px\" \/><\/figure>\n\n\n\n<p>Marted\u00ec 27 novembre, presso il Padiglione della Regione Puglia della Fiera del&nbsp;Levante di Bari, si \u00e8 tenuta la <em>Copernicus Info Session<\/em> \u201c<a href=\"https:\/\/www.copernicus.eu\/en\/events\/infosessions\/copernicus-agriculture-training-and-information-session-bari\">Copernicus per l\u2019agricoltura. Sessione d\u2019informazione e formazione<\/a>\u201d, organizzata dalla <a href=\"https:\/\/www.copernicus.eu\/\">Commissione Europea<\/a>, dal <a href=\"http:\/\/www.isprambiente.gov.it\/it\/programma-copernicus\">Forum Nazionale degli Utenti Copernicus<\/a> e, per l&#8217;Italia, da <a href=\"http:\/\/www.isprambiente.gov.it\/it\">ISPRA<\/a>, Istituto Superiore per la Protezione e la Ricerca Ambientale. Nei giorni immediatamente successivi, dal 28 al 30 novembre, si \u00e8 svolta \u2013 sempre a Bari &#8211; la prima edizione della \u201cScuola Copernicus 2018\u201d, dedicata al tema \u201c<strong>Il Telerilevamento per l\u2019Agricoltura 4.0<\/strong>\u201d, iniziativa formativa itinerante organizzata dal Tavolo Agricoltura del Forum Nazionale degli Utenti Copernicus coordinato dal <a href=\"https:\/\/www.politicheagricole.it\/flex\/cm\/pages\/ServeBLOB.php\/L\/IT\/IDPagina\/12292#main\">Dipartimento delle Politiche Europee e Internazionali e dello Sviluppo Rurale<\/a>(DIPEISR) del Ministero delle Politiche Agricole Alimentari, Forestali e del Turismo (MIPAAFT), in collaborazione con <a href=\"https:\/\/www.statigeneralinnovazione.it\/\">Stati Generali dell\u2019Innovazione<\/a>, <a rel=\"noreferrer noopener\" href=\"http:\/\/www.amfm.it\/\" target=\"_blank\">AM\/FM GIS Italia<\/a>, <a rel=\"noreferrer noopener\" href=\"https:\/\/www.planetek.it\/\" target=\"_blank\">Planetek Italia<\/a> e <a rel=\"noreferrer noopener\" href=\"http:\/\/www.isprambiente.gov.it\/it\" target=\"_blank\">ISPRA<\/a>.<\/p>\n\n\n\n<p>In generale, la finalit\u00e0 di ambedue le iniziative riguarda la promozione dei molteplici utilizzi dei servizi e prodotti erogati dal Programma europeo di Osservazione della Terra in agricoltura, con una speciale attenzione alle necessit\u00e0 e agli interessi delle comunit\u00e0 di utenti locali, sia commerciali, sia istituzionali. <\/p>\n\n\n\n<p>Nel corso dei lavori della <em>Info Session<\/em> sono stati illustrati i meccanismi di accesso ai dati <em>Copernicus<strong>,<\/strong><\/em> le modalit\u00e0 di finanziamento disponibili e numerosi casi applicativi. Scorrendo il <a href=\"https:\/\/www.copernicus.eu\/en\/events\/infosessions\/copernicus-agriculture-training-and-information-session-bari\">programma<\/a> e consultando la ricca <a href=\"https:\/\/www.copernicus.eu\/en\/events\/infosessions\/copernicus-agriculture-training-and-information-session-bari\">documentazione<\/a> relativa alle diverse relazioni esposte \u00e8 possibile acquisire una panoramica ampia \u2013 certamente non esaustiva &#8211; sull\u2019utilizzo delle immagini satellitari nel campo dell\u2019agricoltura. <\/p>\n\n\n\n<p>Come evidenziato anche in occasione di questa giornata informativa, la Commissione europea intende conseguire\u2013 in tempi rapidi &#8211; il pieno sfruttamento del potenziale offerto dalle soluzioni basate sulle Tecnologie dell\u2019Osservazione della Terra e valorizzare cos\u00ec gli ingenti investimenti assegnati negli anni al Programma Copernicus. Per raggiungere tale risultato, essa ha ritenuto di fondamentale importanza mettere in relazione il settore spaziale con le altre politiche e aree economiche, adottando una strategia volta a supportare l&#8217;ecosistema dei <strong>fornitori di servizi (<em>downstream services<\/em>) che trasformano i dati dei servizi di Copernicus (<em>mainstream services<\/em>) nei prodotti richiesti dagli utenti finali<\/strong> \u2013 sollecitando al tempo stesso anche gli Stati Membri ad impegnarsi in tale missione. <\/p>\n\n\n\n<p>L\u2019idea progettuale adottata per definire l\u2019iniziativa formativa \u201cScuola Copernicus 2018\u201d, svoltasi nei giorni successivi, \u00e8 legata a tale contesto strategico. In particolare, essa ha focalizzato l\u2019attenzione sull\u2019esigenza di creare condizioni favorevoli per&nbsp;<strong>mettere gli utenti finali e gli esperti delle tecnologie della <em>Earth Observation<\/em> nelle migliori condizioni per lavorare insieme, <\/strong>dialogando proficuamente. In altri termini, la <strong>comunicazione<\/strong> &#8211; modalit\u00e0 e strumenti, con diversi gradi di coinvolgimento dell&#8217;utente in funzione del suo <em>background<\/em> \u2013 \u00e8 stata ritenuta il <em>file rouge <\/em>da seguire<em> <\/em>lungo l\u2019attivit\u00e0 di formazione della Scuola, in ragione dei numerosi temi rilevanti che consentono alle EOTs &#8211; integrate con altre tecnologie e dati geospaziali &#8211; di risolvere una vasta gamma di problemi della vita \u2013 \u201cSociet\u00e0 5.0\u201d.<\/p>\n\n\n\n<p>La soluzione didattica individuata ha preso spunto dall\u2019esperienza maturata in occasione di corsi aperti ai cittadini per lo sviluppo di conoscenze geografiche e territoriali, anche e soprattutto attraverso l\u2019uso di strumenti, metodi ed applicazioni innovative, quale l\u2019<strong><em>OpenGeoData School<\/em><\/strong>, iniziativa formativa descritta nell\u2019articolo del 2016 citato nell\u2019introduzione.<\/p>\n\n\n\n<p>Seguendo tale impostazione, l\u2019attivit\u00e0 didattica rivolta ai professionisti e operatori del settore agroalimentare ha quindi previsto, unitamente al <em>training&nbsp;<\/em>relativo agli applicativi per fruire dei dati satellitari, contributi volti a inquadrare le potenzialit\u00e0 dei prodotti e servizi offerti dal Programma Copernicus all\u2019interno dei temi della <em>Geospatial Revolution<\/em> \u2013 nell\u2019ambito della quale i recenti sviluppi delle Tecnologie dell\u2019Osservazione della Terra avranno un ruolo preminente &#8211; proponendosi di creare i presupposti affinch\u00e9 i professionisti che acquisiscono conoscenze per fruire delle riprese satellitari, diventino anche <strong>alfieri in Rete della cultura della geografia digitale<\/strong>, attraverso i propri dispositivi mobili. Condizione auspicata per favorire la comunicazione e il dialogo tra specialisti delle EOT e utenti finali (spesso clienti del professionista) e facilitare l\u2019emergere dei bisogni di questi ultimi.<\/p>\n\n\n\n<figure class=\"wp-block-image\"><img decoding=\"async\" width=\"1024\" height=\"512\" src=\"https:\/\/www.statigeneralinnovazione.it\/wp-content\/uploads\/2018\/12\/IMG_20181128_145817-1024x512.jpg\" alt=\"\" class=\"wp-image-10115\" srcset=\"https:\/\/www.statigeneralinnovazione.it\/wp-content\/uploads\/2018\/12\/IMG_20181128_145817-1024x512.jpg 1024w, https:\/\/www.statigeneralinnovazione.it\/wp-content\/uploads\/2018\/12\/IMG_20181128_145817-150x75.jpg 150w, https:\/\/www.statigeneralinnovazione.it\/wp-content\/uploads\/2018\/12\/IMG_20181128_145817-300x150.jpg 300w, https:\/\/www.statigeneralinnovazione.it\/wp-content\/uploads\/2018\/12\/IMG_20181128_145817-768x384.jpg 768w, https:\/\/www.statigeneralinnovazione.it\/wp-content\/uploads\/2018\/12\/IMG_20181128_145817-696x348.jpg 696w, https:\/\/www.statigeneralinnovazione.it\/wp-content\/uploads\/2018\/12\/IMG_20181128_145817-1068x534.jpg 1068w, https:\/\/www.statigeneralinnovazione.it\/wp-content\/uploads\/2018\/12\/IMG_20181128_145817-840x420.jpg 840w, https:\/\/www.statigeneralinnovazione.it\/wp-content\/uploads\/2018\/12\/IMG_20181128_145817.jpg 1920w\" sizes=\"(max-width: 1024px) 100vw, 1024px\" loading=\"lazy\" \/><\/figure>\n\n\n\n<p>Inoltre, il programma della prima giornata \u00e8 stato elaborato anche per incoraggiare la presenza di rappresentanti dei consumatori, sempre pi\u00f9 attenti alle problematiche della corretta gestione dei terreni e della coltivazione dei prodotti agricoli, organizzati in Gruppi di Acquisto Solidale (GAS) o riuniti in sodalizi come, ad esempio, l\u2019Associazione Italiana Agricoltura Biologica (AIAB) e l\u2019Associazione Consumatori Utenti (ACU). Tale categoria di cittadini sta assumendo un ruolo proattivo (\u201cconsum-attori\u201d) all\u2019interno del processo di cambiamento culturale nei riguardi del modo di produrre in agricoltura, in linea con l\u2019applicazione degli obiettivi dell\u2019Agenda ONU 2030 per lo Sviluppo Sostenibile. Un consumatore consapevole delle enormi potenzialit\u00e0 date dallo sfruttamento &#8211; in senso positivo &#8211; dei dati che provengono dai satelliti del Programma europeo Copernicus a supporto dell\u2019Agricoltura di precisione sar\u00e0 cos\u00ec in grado, anche interagendo con agricoltori sensibili ai temi della sostenibilit\u00e0, della salute e della qualit\u00e0 degli alimenti, di <strong>comunicare agli esperti di questa tecnologia i propri bisogni ed esigenze <\/strong>proprio come rappresentante dei consumatori, perch\u00e9 essi se ne facciano carico e sviluppino i servizi ad essi effettivamente utili.&nbsp;<\/p>\n\n\n\n<p>La fase sfidante della \u201cScuola Copernicus 2018\u201d riguarda ora la creazione della <em>community online <\/em>costituita sia dai partecipanti al corso, sia dai professionisti cui non \u00e8 stato possibile confermare l\u2019iscrizione a causa dell\u2019esaurimento dei posti disponibili, coadiuvati dai docenti e i formatori coinvolti nel corso, disponibili a proseguire in Rete il percorso formativo avviato.<\/p>\n\n\n\n<p>Una comunit\u00e0 che si unir\u00e0 con il <em>network<\/em> generato dalla <strong><em>OpenGeoData School<\/em><\/strong>, tuttora operante con proprie iniziative di informazione \/ formazione nel territorio tra Langhe-Roero e Monferrato (Patrimonio UNESCO) &#8211; ma non solo \u2013, a distanza di quasi due anni dalla sua nascita. Infatti, l\u2019obiettivo \u00e8 far s\u00ec che si operi <em>on line<\/em> anche come <strong>laboratorio permanente<\/strong> per la diffusione delle competenze geospaziali &#8211; a cui si possono ora aggiungere quelle specifiche riguardanti le tecnologie del telerilevamento -, nei territori in cui i partecipanti a queste iniziative formative vivono e lavorano. <\/p>\n\n\n\n<p>Gli autorevoli esperti, nazionali ed europei presenti alla tavola rotonda che ha concluso la <em>Copernicus Info Session<\/em> hanno sottolineato che i lavori di questa giornata hanno dimostrato quanto sia importante il punto di vista di chi la tecnologia la utilizza, di come i componenti di una filiera agroalimentare si possano mettere insieme per discutere come migliorare i suoi processi, ridurre l\u2019impatto ambientale, aumentare la ricchezza e soprattutto anche affrontare problemi che non hanno solo una scala locale, ma anche globale.<\/p>\n\n\n\n<p>Prendendo spunto da tale sintesi dei risultati conseguiti nell\u2019ambito di questo convegno, vorremmo esprimere l\u2019auspicio che la proposta formativa sviluppata nei giorni successivi, grazie anche alla crescita della comunit\u00e0 <em>on line<\/em> che si sta costituendo e inizia ad operare in Rete, contribuisca a dimostrare quanto sia anche <strong>importante il coinvolgimento di soggetti che tale tecnologia vorrebbero utilizzare<\/strong> e <strong>di altri<\/strong> &#8211; ancora ignari delle potenzialit\u00e0 offerte dal Programma Copernicus e da altre iniziative, anche private, disponibili nel prossimo futuro (pensiamo allo sviluppo di missioni satellitari e costellazioni di satelliti a basso costo, V. micro e nano-satelliti) \u2013 <strong>che potrebbero accedervi<\/strong>, una volta informati e partecipi consapevolmente, coinvolti in processi di apprendimento permanente, rispettosi degli obiettivi di sviluppo sostenibile per il Pianeta, ai quali l\u2019agricoltura dovr\u00e0 dare una risposta importante sul tema non solo del cibo, ma anche dell\u2019acqua e dell\u2019energia.<\/p>\n\n\n\n<p>Prospettiva\u2013 giova ricordarlo \u2013 che in ragione delle previsione dello sviluppo del mercato delle Tecnologie dell\u2019Osservazione della Terra<a href=\"#_ftn1\">[1]<\/a>favorir\u00e0 il mercato del lavoro, anche con la nascita di nuove professioni. <br \/><\/p>\n\n\n\n<hr class=\"wp-block-separator\"\/>\n\n\n\n<p><a href=\"#_ftnref1\">[1]<\/a>Con riferimento all\u2019Europa, si prevede che il mercato delle EOTs passi dagli 8,32 miliardi di \u20ac del 2017 ai 13,25 miliardi di \u20ac nel 2020 (<em>European Geospatial Business Outlook 2018, Geospatial Media Communication Report).<\/em><\/p>\n","protected":false},"excerpt":{"rendered":"<p>Nell\u2019ultima settimana di novembre si sono svolti a Bari due eventi riguardanti il Programma europeo Copernicus, rivolti entrambi agli operatori del settore agroalimentare. Tale circostanza offre l\u2019occasione per riprendere l\u2019argomento delle competenze digitali nel contesto [&hellip;]<\/p>\n","protected":false},"author":3443,"featured_media":9952,"comment_status":"open","ping_status":"closed","sticky":false,"template":"","format":"standard","meta":{"site-sidebar-layout":"default","site-content-layout":"","ast-site-content-layout":"default","site-content-style":"default","site-sidebar-style":"default","ast-global-header-display":"","ast-banner-title-visibility":"","ast-main-header-display":"","ast-hfb-above-header-display":"","ast-hfb-below-header-display":"","ast-hfb-mobile-header-display":"","site-post-title":"","ast-breadcrumbs-content":"","ast-featured-img":"","footer-sml-layout":"","ast-disable-related-posts":"","theme-transparent-header-meta":"","adv-header-id-meta":"","stick-header-meta":"","header-above-stick-meta":"","header-main-stick-meta":"","header-below-stick-meta":"","astra-migrate-meta-layouts":"default","ast-page-background-enabled":"default","ast-page-background-meta":{"desktop":{"background-color":"var(--ast-global-color-4)","background-image":"","background-repeat":"repeat","background-position":"center center","background-size":"auto","background-attachment":"scroll","background-type":"","background-media":"","overlay-type":"","overlay-color":"","overlay-opacity":"","overlay-gradient":""},"tablet":{"background-color":"","background-image":"","background-repeat":"repeat","background-position":"center center","background-size":"auto","background-attachment":"scroll","background-type":"","background-media":"","overlay-type":"","overlay-color":"","overlay-opacity":"","overlay-gradient":""},"mobile":{"background-color":"","background-image":"","background-repeat":"repeat","background-position":"center center","background-size":"auto","background-attachment":"scroll","background-type":"","background-media":"","overlay-type":"","overlay-color":"","overlay-opacity":"","overlay-gradient":""}},"ast-content-background-meta":{"desktop":{"background-color":"var(--ast-global-color-5)","background-image":"","background-repeat":"repeat","background-position":"center center","background-size":"auto","background-attachment":"scroll","background-type":"","background-media":"","overlay-type":"","overlay-color":"","overlay-opacity":"","overlay-gradient":""},"tablet":{"background-color":"var(--ast-global-color-5)","background-image":"","background-repeat":"repeat","background-position":"center center","background-size":"auto","background-attachment":"scroll","background-type":"","background-media":"","overlay-type":"","overlay-color":"","overlay-opacity":"","overlay-gradient":""},"mobile":{"background-color":"var(--ast-global-color-5)","background-image":"","background-repeat":"repeat","background-position":"center center","background-size":"auto","background-attachment":"scroll","background-type":"","background-media":"","overlay-type":"","overlay-color":"","overlay-opacity":"","overlay-gradient":""}},"footnotes":""},"categories":[30],"tags":[708,710,162,709],"class_list":["post-10111","post","type-post","status-publish","format-standard","has-post-thumbnail","hentry","category-opinioni","tag-agricoltura-4-0","tag-copernicus","tag-formazione","tag-rivoluzione-geospaziale"],"yoast_head":"<!-- This site is optimized with the Yoast SEO Premium plugin v21.1 (Yoast SEO v27.5) - https:\/\/yoast.com\/product\/yoast-seo-premium-wordpress\/ -->\n<title>Apprendimento permanente per il Programma Copernicus - Stati Generali dell&#039;Innovazione<\/title>\n<meta name=\"robots\" content=\"index, follow, max-snippet:-1, max-image-preview:large, max-video-preview:-1\" \/>\n<link rel=\"canonical\" href=\"https:\/\/www.statigeneralinnovazione.it\/en\/apprendimento-permanente-per-il-programma-copernicus\/\" \/>\n<script type=\"application\/ld+json\" class=\"yoast-schema-graph\">{\"@context\":\"https:\\\/\\\/schema.org\",\"@graph\":[{\"@type\":\"Article\",\"@id\":\"https:\\\/\\\/www.statigeneralinnovazione.it\\\/apprendimento-permanente-per-il-programma-copernicus\\\/#article\",\"isPartOf\":{\"@id\":\"https:\\\/\\\/www.statigeneralinnovazione.it\\\/apprendimento-permanente-per-il-programma-copernicus\\\/\"},\"author\":{\"name\":\"Sergio Farruggia\",\"@id\":\"https:\\\/\\\/www.statigeneralinnovazione.it\\\/#\\\/schema\\\/person\\\/d3a89a206f7a6d2d8312e845695deecf\"},\"headline\":\"Apprendimento permanente per il Programma Copernicus\",\"datePublished\":\"2018-12-18T11:36:11+00:00\",\"dateModified\":\"2018-12-18T11:36:19+00:00\",\"mainEntityOfPage\":{\"@id\":\"https:\\\/\\\/www.statigeneralinnovazione.it\\\/apprendimento-permanente-per-il-programma-copernicus\\\/\"},\"wordCount\":1467,\"commentCount\":0,\"publisher\":{\"@id\":\"https:\\\/\\\/www.statigeneralinnovazione.it\\\/#organization\"},\"image\":{\"@id\":\"https:\\\/\\\/www.statigeneralinnovazione.it\\\/apprendimento-permanente-per-il-programma-copernicus\\\/#primaryimage\"},\"thumbnailUrl\":\"https:\\\/\\\/www.statigeneralinnovazione.it\\\/wp-content\\\/uploads\\\/2018\\\/10\\\/immagine_eviden_corso-copernicus.png.001.png\",\"keywords\":[\"Agricoltura 4.0\",\"Copernicus\",\"formazione\",\"Rivoluzione Geospaziale\"],\"articleSection\":[\"Opinioni\"],\"inLanguage\":\"en-GB\",\"potentialAction\":[{\"@type\":\"CommentAction\",\"name\":\"Comment\",\"target\":[\"https:\\\/\\\/www.statigeneralinnovazione.it\\\/apprendimento-permanente-per-il-programma-copernicus\\\/#respond\"]}]},{\"@type\":\"WebPage\",\"@id\":\"https:\\\/\\\/www.statigeneralinnovazione.it\\\/apprendimento-permanente-per-il-programma-copernicus\\\/\",\"url\":\"https:\\\/\\\/www.statigeneralinnovazione.it\\\/apprendimento-permanente-per-il-programma-copernicus\\\/\",\"name\":\"Apprendimento permanente per il Programma Copernicus - Stati Generali dell&#039;Innovazione\",\"isPartOf\":{\"@id\":\"https:\\\/\\\/www.statigeneralinnovazione.it\\\/#website\"},\"primaryImageOfPage\":{\"@id\":\"https:\\\/\\\/www.statigeneralinnovazione.it\\\/apprendimento-permanente-per-il-programma-copernicus\\\/#primaryimage\"},\"image\":{\"@id\":\"https:\\\/\\\/www.statigeneralinnovazione.it\\\/apprendimento-permanente-per-il-programma-copernicus\\\/#primaryimage\"},\"thumbnailUrl\":\"https:\\\/\\\/www.statigeneralinnovazione.it\\\/wp-content\\\/uploads\\\/2018\\\/10\\\/immagine_eviden_corso-copernicus.png.001.png\",\"datePublished\":\"2018-12-18T11:36:11+00:00\",\"dateModified\":\"2018-12-18T11:36:19+00:00\",\"breadcrumb\":{\"@id\":\"https:\\\/\\\/www.statigeneralinnovazione.it\\\/apprendimento-permanente-per-il-programma-copernicus\\\/#breadcrumb\"},\"inLanguage\":\"en-GB\",\"potentialAction\":[{\"@type\":\"ReadAction\",\"target\":[\"https:\\\/\\\/www.statigeneralinnovazione.it\\\/apprendimento-permanente-per-il-programma-copernicus\\\/\"]}]},{\"@type\":\"ImageObject\",\"inLanguage\":\"en-GB\",\"@id\":\"https:\\\/\\\/www.statigeneralinnovazione.it\\\/apprendimento-permanente-per-il-programma-copernicus\\\/#primaryimage\",\"url\":\"https:\\\/\\\/www.statigeneralinnovazione.it\\\/wp-content\\\/uploads\\\/2018\\\/10\\\/immagine_eviden_corso-copernicus.png.001.png\",\"contentUrl\":\"https:\\\/\\\/www.statigeneralinnovazione.it\\\/wp-content\\\/uploads\\\/2018\\\/10\\\/immagine_eviden_corso-copernicus.png.001.png\",\"width\":1920,\"height\":1080},{\"@type\":\"BreadcrumbList\",\"@id\":\"https:\\\/\\\/www.statigeneralinnovazione.it\\\/apprendimento-permanente-per-il-programma-copernicus\\\/#breadcrumb\",\"itemListElement\":[{\"@type\":\"ListItem\",\"position\":1,\"name\":\"Home\",\"item\":\"https:\\\/\\\/www.statigeneralinnovazione.it\\\/\"},{\"@type\":\"ListItem\",\"position\":2,\"name\":\"Notizie\",\"item\":\"https:\\\/\\\/www.statigeneralinnovazione.it\\\/category\\\/notizie\\\/\"},{\"@type\":\"ListItem\",\"position\":3,\"name\":\"Opinioni\",\"item\":\"https:\\\/\\\/www.statigeneralinnovazione.it\\\/category\\\/notizie\\\/opinioni\\\/\"},{\"@type\":\"ListItem\",\"position\":4,\"name\":\"Apprendimento permanente per il Programma Copernicus\"}]},{\"@type\":\"WebSite\",\"@id\":\"https:\\\/\\\/www.statigeneralinnovazione.it\\\/#website\",\"url\":\"https:\\\/\\\/www.statigeneralinnovazione.it\\\/\",\"name\":\"Stati Generali dell&#039;Innovazione\",\"description\":\"Insieme per innovare\",\"publisher\":{\"@id\":\"https:\\\/\\\/www.statigeneralinnovazione.it\\\/#organization\"},\"potentialAction\":[{\"@type\":\"SearchAction\",\"target\":{\"@type\":\"EntryPoint\",\"urlTemplate\":\"https:\\\/\\\/www.statigeneralinnovazione.it\\\/?s={search_term_string}\"},\"query-input\":{\"@type\":\"PropertyValueSpecification\",\"valueRequired\":true,\"valueName\":\"search_term_string\"}}],\"inLanguage\":\"en-GB\"},{\"@type\":\"Organization\",\"@id\":\"https:\\\/\\\/www.statigeneralinnovazione.it\\\/#organization\",\"name\":\"Stati Generali dell&#039;Innovazione\",\"url\":\"https:\\\/\\\/www.statigeneralinnovazione.it\\\/\",\"logo\":{\"@type\":\"ImageObject\",\"inLanguage\":\"en-GB\",\"@id\":\"https:\\\/\\\/www.statigeneralinnovazione.it\\\/#\\\/schema\\\/logo\\\/image\\\/\",\"url\":\"https:\\\/\\\/www.statigeneralinnovazione.it\\\/wp-content\\\/uploads\\\/2016\\\/10\\\/logo_sgi_retina_544x180.png\",\"contentUrl\":\"https:\\\/\\\/www.statigeneralinnovazione.it\\\/wp-content\\\/uploads\\\/2016\\\/10\\\/logo_sgi_retina_544x180.png\",\"width\":544,\"height\":180,\"caption\":\"Stati Generali dell&#039;Innovazione\"},\"image\":{\"@id\":\"https:\\\/\\\/www.statigeneralinnovazione.it\\\/#\\\/schema\\\/logo\\\/image\\\/\"}},{\"@type\":\"Person\",\"@id\":\"https:\\\/\\\/www.statigeneralinnovazione.it\\\/#\\\/schema\\\/person\\\/d3a89a206f7a6d2d8312e845695deecf\",\"name\":\"Sergio Farruggia\",\"image\":{\"@type\":\"ImageObject\",\"inLanguage\":\"en-GB\",\"@id\":\"https:\\\/\\\/secure.gravatar.com\\\/avatar\\\/bcbd23253c525eff3c812cd9c8be88c6cfd1119d9cb033010bf8fa7969c4299a?s=96&r=g\",\"url\":\"https:\\\/\\\/secure.gravatar.com\\\/avatar\\\/bcbd23253c525eff3c812cd9c8be88c6cfd1119d9cb033010bf8fa7969c4299a?s=96&r=g\",\"contentUrl\":\"https:\\\/\\\/secure.gravatar.com\\\/avatar\\\/bcbd23253c525eff3c812cd9c8be88c6cfd1119d9cb033010bf8fa7969c4299a?s=96&r=g\",\"caption\":\"Sergio Farruggia\"},\"description\":\"Laureato in Fisica, collaboro a progetti nazionali ed europei riguardanti la Geographic Information. Le implicazioni tecnico-organizzative e sociali connesse all\u2019impiego di dati e tecnologie geospaziali entro la trasformazione digitale e le strategie green, lo sviluppo di appropriate competenze geo-digitali sono i principali campi di interesse. Contribuisco alla progettazione di corsi e svolgo attivit\u00e0 di formazione e informazione.\",\"url\":\"https:\\\/\\\/www.statigeneralinnovazione.it\\\/en\\\/author\\\/sergio-farruggiafastwebnet-it\\\/\"}]}<\/script>\n<!-- \/ Yoast SEO Premium plugin. -->","yoast_head_json":{"title":"Apprendimento permanente per il Programma Copernicus - Stati Generali dell&#039;Innovazione","robots":{"index":"index","follow":"follow","max-snippet":"max-snippet:-1","max-image-preview":"max-image-preview:large","max-video-preview":"max-video-preview:-1"},"canonical":"https:\/\/www.statigeneralinnovazione.it\/en\/apprendimento-permanente-per-il-programma-copernicus\/","schema":{"@context":"https:\/\/schema.org","@graph":[{"@type":"Article","@id":"https:\/\/www.statigeneralinnovazione.it\/apprendimento-permanente-per-il-programma-copernicus\/#article","isPartOf":{"@id":"https:\/\/www.statigeneralinnovazione.it\/apprendimento-permanente-per-il-programma-copernicus\/"},"author":{"name":"Sergio Farruggia","@id":"https:\/\/www.statigeneralinnovazione.it\/#\/schema\/person\/d3a89a206f7a6d2d8312e845695deecf"},"headline":"Apprendimento permanente per il Programma Copernicus","datePublished":"2018-12-18T11:36:11+00:00","dateModified":"2018-12-18T11:36:19+00:00","mainEntityOfPage":{"@id":"https:\/\/www.statigeneralinnovazione.it\/apprendimento-permanente-per-il-programma-copernicus\/"},"wordCount":1467,"commentCount":0,"publisher":{"@id":"https:\/\/www.statigeneralinnovazione.it\/#organization"},"image":{"@id":"https:\/\/www.statigeneralinnovazione.it\/apprendimento-permanente-per-il-programma-copernicus\/#primaryimage"},"thumbnailUrl":"https:\/\/www.statigeneralinnovazione.it\/wp-content\/uploads\/2018\/10\/immagine_eviden_corso-copernicus.png.001.png","keywords":["Agricoltura 4.0","Copernicus","formazione","Rivoluzione Geospaziale"],"articleSection":["Opinioni"],"inLanguage":"en-GB","potentialAction":[{"@type":"CommentAction","name":"Comment","target":["https:\/\/www.statigeneralinnovazione.it\/apprendimento-permanente-per-il-programma-copernicus\/#respond"]}]},{"@type":"WebPage","@id":"https:\/\/www.statigeneralinnovazione.it\/apprendimento-permanente-per-il-programma-copernicus\/","url":"https:\/\/www.statigeneralinnovazione.it\/apprendimento-permanente-per-il-programma-copernicus\/","name":"Apprendimento permanente per il Programma Copernicus - Stati Generali dell&#039;Innovazione","isPartOf":{"@id":"https:\/\/www.statigeneralinnovazione.it\/#website"},"primaryImageOfPage":{"@id":"https:\/\/www.statigeneralinnovazione.it\/apprendimento-permanente-per-il-programma-copernicus\/#primaryimage"},"image":{"@id":"https:\/\/www.statigeneralinnovazione.it\/apprendimento-permanente-per-il-programma-copernicus\/#primaryimage"},"thumbnailUrl":"https:\/\/www.statigeneralinnovazione.it\/wp-content\/uploads\/2018\/10\/immagine_eviden_corso-copernicus.png.001.png","datePublished":"2018-12-18T11:36:11+00:00","dateModified":"2018-12-18T11:36:19+00:00","breadcrumb":{"@id":"https:\/\/www.statigeneralinnovazione.it\/apprendimento-permanente-per-il-programma-copernicus\/#breadcrumb"},"inLanguage":"en-GB","potentialAction":[{"@type":"ReadAction","target":["https:\/\/www.statigeneralinnovazione.it\/apprendimento-permanente-per-il-programma-copernicus\/"]}]},{"@type":"ImageObject","inLanguage":"en-GB","@id":"https:\/\/www.statigeneralinnovazione.it\/apprendimento-permanente-per-il-programma-copernicus\/#primaryimage","url":"https:\/\/www.statigeneralinnovazione.it\/wp-content\/uploads\/2018\/10\/immagine_eviden_corso-copernicus.png.001.png","contentUrl":"https:\/\/www.statigeneralinnovazione.it\/wp-content\/uploads\/2018\/10\/immagine_eviden_corso-copernicus.png.001.png","width":1920,"height":1080},{"@type":"BreadcrumbList","@id":"https:\/\/www.statigeneralinnovazione.it\/apprendimento-permanente-per-il-programma-copernicus\/#breadcrumb","itemListElement":[{"@type":"ListItem","position":1,"name":"Home","item":"https:\/\/www.statigeneralinnovazione.it\/"},{"@type":"ListItem","position":2,"name":"Notizie","item":"https:\/\/www.statigeneralinnovazione.it\/category\/notizie\/"},{"@type":"ListItem","position":3,"name":"Opinioni","item":"https:\/\/www.statigeneralinnovazione.it\/category\/notizie\/opinioni\/"},{"@type":"ListItem","position":4,"name":"Apprendimento permanente per il Programma Copernicus"}]},{"@type":"WebSite","@id":"https:\/\/www.statigeneralinnovazione.it\/#website","url":"https:\/\/www.statigeneralinnovazione.it\/","name":"States General of Innovation","description":"Together to innovate","publisher":{"@id":"https:\/\/www.statigeneralinnovazione.it\/#organization"},"potentialAction":[{"@type":"SearchAction","target":{"@type":"EntryPoint","urlTemplate":"https:\/\/www.statigeneralinnovazione.it\/?s={search_term_string}"},"query-input":{"@type":"PropertyValueSpecification","valueRequired":true,"valueName":"search_term_string"}}],"inLanguage":"en-GB"},{"@type":"Organization","@id":"https:\/\/www.statigeneralinnovazione.it\/#organization","name":"States General of Innovation","url":"https:\/\/www.statigeneralinnovazione.it\/","logo":{"@type":"ImageObject","inLanguage":"en-GB","@id":"https:\/\/www.statigeneralinnovazione.it\/#\/schema\/logo\/image\/","url":"https:\/\/www.statigeneralinnovazione.it\/wp-content\/uploads\/2016\/10\/logo_sgi_retina_544x180.png","contentUrl":"https:\/\/www.statigeneralinnovazione.it\/wp-content\/uploads\/2016\/10\/logo_sgi_retina_544x180.png","width":544,"height":180,"caption":"Stati Generali dell&#039;Innovazione"},"image":{"@id":"https:\/\/www.statigeneralinnovazione.it\/#\/schema\/logo\/image\/"}},{"@type":"Person","@id":"https:\/\/www.statigeneralinnovazione.it\/#\/schema\/person\/d3a89a206f7a6d2d8312e845695deecf","name":"Sergio Farruggia","image":{"@type":"ImageObject","inLanguage":"en-GB","@id":"https:\/\/secure.gravatar.com\/avatar\/bcbd23253c525eff3c812cd9c8be88c6cfd1119d9cb033010bf8fa7969c4299a?s=96&r=g","url":"https:\/\/secure.gravatar.com\/avatar\/bcbd23253c525eff3c812cd9c8be88c6cfd1119d9cb033010bf8fa7969c4299a?s=96&r=g","contentUrl":"https:\/\/secure.gravatar.com\/avatar\/bcbd23253c525eff3c812cd9c8be88c6cfd1119d9cb033010bf8fa7969c4299a?s=96&r=g","caption":"Sergio Farruggia"},"description":"Graduated in Physics, I collaborate on national and European projects concerning Geographic Information. The technical-organizational and social implications related to the use of geospatial data and technologies within the digital transformation and green strategies, the development of appropriate geo-digital skills are the main fields of interest. I contribute to the planning of courses and I carry out training and information activities.","url":"https:\/\/www.statigeneralinnovazione.it\/en\/author\/sergio-farruggiafastwebnet-it\/"}]}},"_links":{"self":[{"href":"https:\/\/www.statigeneralinnovazione.it\/en\/wp-json\/wp\/v2\/posts\/10111","targetHints":{"allow":["GET"]}}],"collection":[{"href":"https:\/\/www.statigeneralinnovazione.it\/en\/wp-json\/wp\/v2\/posts"}],"about":[{"href":"https:\/\/www.statigeneralinnovazione.it\/en\/wp-json\/wp\/v2\/types\/post"}],"author":[{"embeddable":true,"href":"https:\/\/www.statigeneralinnovazione.it\/en\/wp-json\/wp\/v2\/users\/3443"}],"replies":[{"embeddable":true,"href":"https:\/\/www.statigeneralinnovazione.it\/en\/wp-json\/wp\/v2\/comments?post=10111"}],"version-history":[{"count":0,"href":"https:\/\/www.statigeneralinnovazione.it\/en\/wp-json\/wp\/v2\/posts\/10111\/revisions"}],"wp:featuredmedia":[{"embeddable":true,"href":"https:\/\/www.statigeneralinnovazione.it\/en\/wp-json\/wp\/v2\/media\/9952"}],"wp:attachment":[{"href":"https:\/\/www.statigeneralinnovazione.it\/en\/wp-json\/wp\/v2\/media?parent=10111"}],"wp:term":[{"taxonomy":"category","embeddable":true,"href":"https:\/\/www.statigeneralinnovazione.it\/en\/wp-json\/wp\/v2\/categories?post=10111"},{"taxonomy":"post_tag","embeddable":true,"href":"https:\/\/www.statigeneralinnovazione.it\/en\/wp-json\/wp\/v2\/tags?post=10111"}],"curies":[{"name":"wp","href":"https:\/\/api.w.org\/{rel}","templated":true}]}}